{"id":169089,"date":"2021-03-15T22:51:04","date_gmt":"2021-03-15T22:51:04","guid":{"rendered":"https:\/\/tv.fanpage.it\/?p=387251"},"modified":"2021-03-15T22:51:04","modified_gmt":"2021-03-15T22:51:04","slug":"fariba-tehrani-cade-in-mare-allisola-2021-tommaso-zorzi-lancia-un-appello-a-giulia-salemi","status":"publish","type":"post","link":"https:\/\/nugnes.com\/?p=169089","title":{"rendered":"Fariba Tehrani cade in mare all\u2019Isola 2021: Tommaso Zorzi lancia un appello a Giulia Salemi"},"content":{"rendered":"<img src=\"https:\/\/static.fanpage.it\/wp-content\/uploads\/sites\/16\/2021\/03\/fariba-cade-appello-zorzi.jpg\" \/><br \/>Fariba Tehrani \u00e8 nel cast dell'Isola dei famosi 2021. La prima puntata, in onda luned\u00ec 15 marzo, si \u00e8 rivelata gi\u00e0 ardua per lei. La madre di Giulia Salemi, infatti, \u00e8 caduta rovinosamente in mare. Tommaso Zorzi l'ha vista in grande difficolt\u00e0 e cos\u00ec ha lanciato un appello a Giulia. Che abbia seppellito l'ascia di guerra?<br \/><a href=\"https:\/\/tv.fanpage.it\/fariba-tehrani-cade-in-mare-allisola-2021-tommaso-zorzi-lancia-un-appello-a-giulia-salemi\/\">Continua a leggere<\/a>","protected":false},"excerpt":{"rendered":"<p>Fariba Tehrani \u00e8 nel cast dell&#8217;Isola dei famosi 2021. La prima puntata, in onda luned\u00ec 15 marzo, si \u00e8 rivelata gi\u00e0 ardua per lei. La madre di Giulia Salemi, infatti, \u00e8 caduta rovinosamente in mare. Tommaso Zorzi l&#8217;ha vista in grande difficolt\u00e0 e cos\u00ec h&#8230;<\/p>\n","protected":false},"author":121,"featured_media":0,"comment_status":"closed","ping_status":"closed","sticky":false,"template":"","format":"standard","meta":{"om_disable_all_campaigns":false,"_monsterinsights_skip_tracking":false,"_monsterinsights_sitenote_active":false,"_monsterinsights_sitenote_note":"","_monsterinsights_sitenote_category":0,"footnotes":""},"categories":[744],"tags":[],"class_list":["post-169089","post","type-post","status-publish","format-standard","hentry","category-news"],"aioseo_notices":[],"_links":{"self":[{"href":"https:\/\/nugnes.com\/index.php?rest_route=\/wp\/v2\/posts\/169089","targetHints":{"allow":["GET"]}}],"collection":[{"href":"https:\/\/nugnes.com\/index.php?rest_route=\/wp\/v2\/posts"}],"about":[{"href":"https:\/\/nugnes.com\/index.php?rest_route=\/wp\/v2\/types\/post"}],"author":[{"embeddable":true,"href":"https:\/\/nugnes.com\/index.php?rest_route=\/wp\/v2\/users\/121"}],"replies":[{"embeddable":true,"href":"https:\/\/nugnes.com\/index.php?rest_route=%2Fwp%2Fv2%2Fcomments&post=169089"}],"version-history":[{"count":1,"href":"https:\/\/nugnes.com\/index.php?rest_route=\/wp\/v2\/posts\/169089\/revisions"}],"predecessor-version":[{"id":169090,"href":"https:\/\/nugnes.com\/index.php?rest_route=\/wp\/v2\/posts\/169089\/revisions\/169090"}],"wp:attachment":[{"href":"https:\/\/nugnes.com\/index.php?rest_route=%2Fwp%2Fv2%2Fmedia&parent=169089"}],"wp:term":[{"taxonomy":"category","embeddable":true,"href":"https:\/\/nugnes.com\/index.php?rest_route=%2Fwp%2Fv2%2Fcategories&post=169089"},{"taxonomy":"post_tag","embeddable":true,"href":"https:\/\/nugnes.com\/index.php?rest_route=%2Fwp%2Fv2%2Ftags&post=169089"}],"curies":[{"name":"wp","href":"https:\/\/api.w.org\/{rel}","templated":true}]}}