{"id":172639,"date":"2021-03-22T19:28:22","date_gmt":"2021-03-22T19:28:22","guid":{"rendered":"https:\/\/tv.fanpage.it\/?p=388488"},"modified":"2021-03-22T19:28:22","modified_gmt":"2021-03-22T19:28:22","slug":"torna-domenico-iannacone-con-che-ci-faccio-qui-dal-22-marzo-poi-una-prima-serata","status":"publish","type":"post","link":"https:\/\/nugnes.com\/?p=172639","title":{"rendered":"Torna Domenico Iannacone con Che Ci Faccio Qui dal 22 marzo, poi una prima serata"},"content":{"rendered":"<img src=\"https:\/\/static.fanpage.it\/wp-content\/uploads\/sites\/16\/2021\/03\/CCFQ_PUNTATA-1_2-638x425.jpg\" \/><br \/>Quattro nuovi appuntamenti, a partire da luned\u00ec 22 marzo, alle ore 23.20 su Rai3, per uno dei programmi Tv pi\u00f9 apprezzati degli ultimi anni. Che verr\u00e0 infatti premiato anche con una prima serata, in onda venerd\u00ec 2 aprile, con un appuntamento speciale dedicato ai 40 anni dalla legge Basaglia dal titolo L'Odissea.<br \/><a href=\"https:\/\/tv.fanpage.it\/torna-domenico-iannacone-con-che-ci-faccio-qui-dal-22-marzo-poi-una-prima-serata\/\">Continua a leggere<\/a>","protected":false},"excerpt":{"rendered":"<p>Quattro nuovi appuntamenti, a partire da luned\u00ec 22 marzo, alle ore 23.20 su Rai3, per uno dei programmi Tv pi\u00f9 apprezzati degli ultimi anni. Che verr\u00e0 infatti premiato anche con una prima serata, in onda venerd\u00ec 2 aprile, con un appuntamento speciale d&#8230;<\/p>\n","protected":false},"author":129,"featured_media":0,"comment_status":"closed","ping_status":"closed","sticky":false,"template":"","format":"standard","meta":{"om_disable_all_campaigns":false,"_monsterinsights_skip_tracking":false,"_monsterinsights_sitenote_active":false,"_monsterinsights_sitenote_note":"","_monsterinsights_sitenote_category":0,"footnotes":""},"categories":[744],"tags":[],"class_list":["post-172639","post","type-post","status-publish","format-standard","hentry","category-news"],"aioseo_notices":[],"_links":{"self":[{"href":"https:\/\/nugnes.com\/index.php?rest_route=\/wp\/v2\/posts\/172639","targetHints":{"allow":["GET"]}}],"collection":[{"href":"https:\/\/nugnes.com\/index.php?rest_route=\/wp\/v2\/posts"}],"about":[{"href":"https:\/\/nugnes.com\/index.php?rest_route=\/wp\/v2\/types\/post"}],"author":[{"embeddable":true,"href":"https:\/\/nugnes.com\/index.php?rest_route=\/wp\/v2\/users\/129"}],"replies":[{"embeddable":true,"href":"https:\/\/nugnes.com\/index.php?rest_route=%2Fwp%2Fv2%2Fcomments&post=172639"}],"version-history":[{"count":1,"href":"https:\/\/nugnes.com\/index.php?rest_route=\/wp\/v2\/posts\/172639\/revisions"}],"predecessor-version":[{"id":172640,"href":"https:\/\/nugnes.com\/index.php?rest_route=\/wp\/v2\/posts\/172639\/revisions\/172640"}],"wp:attachment":[{"href":"https:\/\/nugnes.com\/index.php?rest_route=%2Fwp%2Fv2%2Fmedia&parent=172639"}],"wp:term":[{"taxonomy":"category","embeddable":true,"href":"https:\/\/nugnes.com\/index.php?rest_route=%2Fwp%2Fv2%2Fcategories&post=172639"},{"taxonomy":"post_tag","embeddable":true,"href":"https:\/\/nugnes.com\/index.php?rest_route=%2Fwp%2Fv2%2Ftags&post=172639"}],"curies":[{"name":"wp","href":"https:\/\/api.w.org\/{rel}","templated":true}]}}