{"id":173963,"date":"2021-03-25T08:07:42","date_gmt":"2021-03-25T08:07:42","guid":{"rendered":"https:\/\/www.fanpage.it\/milano\/?p=73809"},"modified":"2021-03-25T08:07:42","modified_gmt":"2021-03-25T08:07:42","slug":"meda-16enne-ruba-la-macchina-della-madre-e-non-si-ferma-alt-dei-carabinieri-scatta-linseguimento","status":"publish","type":"post","link":"https:\/\/nugnes.com\/?p=173963","title":{"rendered":"Meda, 16enne ruba la macchina della madre e non si ferma alt dei carabinieri: scatta l\u2019inseguimento"},"content":{"rendered":"<img src=\"https:\/\/static.fanpage.it\/wp-content\/uploads\/sites\/29\/2021\/03\/carabinieri-Monza-638x425.jpg\" \/><br \/>Un ragazzino di 16 anni \u00e8 stato denunciato dai carabinieri per non essersi fermato all'alt dei militari impegnati in un posto di blocco a Meda, in provincia di Monza. Stando alle informazioni riportate della Compagnia di Seregno, il giovane era alla guida dell'auto della madre con a bordo due donne di 41 e 19 anni quando si \u00e8 dato alla fuga facendo cos\u00ec scattare un inseguimento. Il 16enne \u00e8 poi stato fermato a Milano.<br \/><a href=\"https:\/\/www.fanpage.it\/milano\/meda-16enne-ruba-la-macchina-della-madre-e-non-si-ferma-alt-dei-carabinieri-scatta-linseguimento\/\">Continua a leggere<\/a>","protected":false},"excerpt":{"rendered":"<p>Un ragazzino di 16 anni \u00e8 stato denunciato dai carabinieri per non essersi fermato all&#8217;alt dei militari impegnati in un posto di blocco a Meda, in provincia di Monza. Stando alle informazioni riportate della Compagnia di Seregno, il giovane era alla gu&#8230;<\/p>\n","protected":false},"author":222,"featured_media":0,"comment_status":"closed","ping_status":"closed","sticky":false,"template":"","format":"standard","meta":{"om_disable_all_campaigns":false,"_monsterinsights_skip_tracking":false,"_monsterinsights_sitenote_active":false,"_monsterinsights_sitenote_note":"","_monsterinsights_sitenote_category":0,"footnotes":""},"categories":[745,10,236,1140],"tags":[],"class_list":["post-173963","post","type-post","status-publish","format-standard","hentry","category-attualita","category-cronaca","category-lombardia","category-monza-e-brianza"],"aioseo_notices":[],"_links":{"self":[{"href":"https:\/\/nugnes.com\/index.php?rest_route=\/wp\/v2\/posts\/173963","targetHints":{"allow":["GET"]}}],"collection":[{"href":"https:\/\/nugnes.com\/index.php?rest_route=\/wp\/v2\/posts"}],"about":[{"href":"https:\/\/nugnes.com\/index.php?rest_route=\/wp\/v2\/types\/post"}],"author":[{"embeddable":true,"href":"https:\/\/nugnes.com\/index.php?rest_route=\/wp\/v2\/users\/222"}],"replies":[{"embeddable":true,"href":"https:\/\/nugnes.com\/index.php?rest_route=%2Fwp%2Fv2%2Fcomments&post=173963"}],"version-history":[{"count":1,"href":"https:\/\/nugnes.com\/index.php?rest_route=\/wp\/v2\/posts\/173963\/revisions"}],"predecessor-version":[{"id":173964,"href":"https:\/\/nugnes.com\/index.php?rest_route=\/wp\/v2\/posts\/173963\/revisions\/173964"}],"wp:attachment":[{"href":"https:\/\/nugnes.com\/index.php?rest_route=%2Fwp%2Fv2%2Fmedia&parent=173963"}],"wp:term":[{"taxonomy":"category","embeddable":true,"href":"https:\/\/nugnes.com\/index.php?rest_route=%2Fwp%2Fv2%2Fcategories&post=173963"},{"taxonomy":"post_tag","embeddable":true,"href":"https:\/\/nugnes.com\/index.php?rest_route=%2Fwp%2Fv2%2Ftags&post=173963"}],"curies":[{"name":"wp","href":"https:\/\/api.w.org\/{rel}","templated":true}]}}