{"id":175795,"date":"2021-03-29T05:36:28","date_gmt":"2021-03-29T05:36:28","guid":{"rendered":"https:\/\/www.fanpage.it\/milano\/?p=74371"},"modified":"2021-03-29T05:36:28","modified_gmt":"2021-03-29T05:36:28","slug":"vigevano-tenta-un-sorpasso-ma-cade-e-viene-travolto-da-un-furgone-muore-motociclista-di-24-anni","status":"publish","type":"post","link":"https:\/\/nugnes.com\/?p=175795","title":{"rendered":"Vigevano, tenta un sorpasso ma cade e viene travolto da un furgone: muore motociclista di 24 anni"},"content":{"rendered":"<img src=\"https:\/\/static.fanpage.it\/wp-content\/uploads\/sites\/3\/2019\/12\/incidente-moto-schianto-incidenti-incendio-rogo-fiamme-motociclista-centauro-scooter-sinistro-scontro-rilievi-casco-cancello-muro-auto-frontale-incendio-7-300x225.jpg\" \/><br \/>Un ragazzo di 24 anni ha perso la vita ieri 28 marzo lungo la strada provinciale di Vigevano, in provincia di Pavia. Il ragazzo stava superando una coda di auto quando ha urtato contro uno specchietto ed \u00e8 caduto sull'asfalto. Proprio in quel momento \u00e8 arrivato un furgone sul lato opposto di marcia che lo ha travolto. Per il 24enne non c'\u00e8 stato nulla da fare.<br \/><a href=\"https:\/\/www.fanpage.it\/milano\/vigevano-tenta-un-sorpasso-ma-cade-e-viene-travolto-da-un-furgone-muore-motociclista-di-24-anni\/\">Continua a leggere<\/a>","protected":false},"excerpt":{"rendered":"<p>Un ragazzo di 24 anni ha perso la vita ieri 28 marzo lungo la strada provinciale di Vigevano, in provincia di Pavia. Il ragazzo stava superando una coda di auto quando ha urtato contro uno specchietto ed \u00e8 caduto sull&#8217;asfalto. Proprio in quel momento \u00e8&#8230;<\/p>\n","protected":false},"author":222,"featured_media":0,"comment_status":"closed","ping_status":"closed","sticky":false,"template":"","format":"standard","meta":{"om_disable_all_campaigns":false,"_monsterinsights_skip_tracking":false,"_monsterinsights_sitenote_active":false,"_monsterinsights_sitenote_note":"","_monsterinsights_sitenote_category":0,"footnotes":""},"categories":[745,10,236],"tags":[],"class_list":["post-175795","post","type-post","status-publish","format-standard","hentry","category-attualita","category-cronaca","category-lombardia"],"aioseo_notices":[],"_links":{"self":[{"href":"https:\/\/nugnes.com\/index.php?rest_route=\/wp\/v2\/posts\/175795","targetHints":{"allow":["GET"]}}],"collection":[{"href":"https:\/\/nugnes.com\/index.php?rest_route=\/wp\/v2\/posts"}],"about":[{"href":"https:\/\/nugnes.com\/index.php?rest_route=\/wp\/v2\/types\/post"}],"author":[{"embeddable":true,"href":"https:\/\/nugnes.com\/index.php?rest_route=\/wp\/v2\/users\/222"}],"replies":[{"embeddable":true,"href":"https:\/\/nugnes.com\/index.php?rest_route=%2Fwp%2Fv2%2Fcomments&post=175795"}],"version-history":[{"count":1,"href":"https:\/\/nugnes.com\/index.php?rest_route=\/wp\/v2\/posts\/175795\/revisions"}],"predecessor-version":[{"id":175796,"href":"https:\/\/nugnes.com\/index.php?rest_route=\/wp\/v2\/posts\/175795\/revisions\/175796"}],"wp:attachment":[{"href":"https:\/\/nugnes.com\/index.php?rest_route=%2Fwp%2Fv2%2Fmedia&parent=175795"}],"wp:term":[{"taxonomy":"category","embeddable":true,"href":"https:\/\/nugnes.com\/index.php?rest_route=%2Fwp%2Fv2%2Fcategories&post=175795"},{"taxonomy":"post_tag","embeddable":true,"href":"https:\/\/nugnes.com\/index.php?rest_route=%2Fwp%2Fv2%2Ftags&post=175795"}],"curies":[{"name":"wp","href":"https:\/\/api.w.org\/{rel}","templated":true}]}}