{"id":175976,"date":"2021-03-29T12:00:55","date_gmt":"2021-03-29T12:00:55","guid":{"rendered":"https:\/\/www.fanpage.it\/milano\/?p=74386"},"modified":"2021-03-29T12:00:55","modified_gmt":"2021-03-29T12:00:55","slug":"dove-mia-figlia-ragazza-scompare-allaeroporto-ma-nessuno-denuncia-mistero-sul-volo-ryanair","status":"publish","type":"post","link":"https:\/\/nugnes.com\/?p=175976","title":{"rendered":"\u201cDov\u2019\u00e8 mia figlia?\u201d, ragazza scompare all\u2019aeroporto ma nessuno denuncia: mistero sul volo Ryanair"},"content":{"rendered":"<img src=\"https:\/\/static.fanpage.it\/wp-content\/uploads\/sites\/3\/2020\/05\/LP_6084956-300x225.jpg\" \/><br \/>Una coppia di viaggiatori ha lamentato la scomparsa della propria figlia nel pomeriggio di ieri, domenica 28 marzo, all'aeroporto di Orio al Serio (Bergamo). Saliti sul volo Ryanair con destinazione Pescara, si sono accorti che l'erede non li aveva seguiti sul velivolo. Dopo alcuni minuti di riflessione, la coppia ha deciso di partire ugualmente, dichiarando di voler denunciare alla polizia la scomparsa della ragazza. N\u00e9 la polizia di Frontiera dell'aeroporto bergamasco, n\u00e9 la Questura di Pescara per\u00f2 ha ricevuto qualcosa. La vicenda \u00e8 avvolta nel mistero.<br \/><a href=\"https:\/\/www.fanpage.it\/milano\/dove-mia-figlia-ragazza-scompare-allaeroporto-ma-nessuno-denuncia-mistero-sul-volo-ryanair\/\">Continua a leggere<\/a>","protected":false},"excerpt":{"rendered":"<p>Una coppia di viaggiatori ha lamentato la scomparsa della propria figlia nel pomeriggio di ieri, domenica 28 marzo, all&#8217;aeroporto di Orio al Serio (Bergamo). Saliti sul volo Ryanair con destinazione Pescara, si sono accorti che l&#8217;erede non li aveva seg&#8230;<\/p>\n","protected":false},"author":98,"featured_media":0,"comment_status":"closed","ping_status":"closed","sticky":false,"template":"","format":"standard","meta":{"om_disable_all_campaigns":false,"_monsterinsights_skip_tracking":false,"_monsterinsights_sitenote_active":false,"_monsterinsights_sitenote_note":"","_monsterinsights_sitenote_category":0,"footnotes":""},"categories":[766,10],"tags":[],"class_list":["post-175976","post","type-post","status-publish","format-standard","hentry","category-bergamo","category-cronaca"],"aioseo_notices":[],"_links":{"self":[{"href":"https:\/\/nugnes.com\/index.php?rest_route=\/wp\/v2\/posts\/175976","targetHints":{"allow":["GET"]}}],"collection":[{"href":"https:\/\/nugnes.com\/index.php?rest_route=\/wp\/v2\/posts"}],"about":[{"href":"https:\/\/nugnes.com\/index.php?rest_route=\/wp\/v2\/types\/post"}],"author":[{"embeddable":true,"href":"https:\/\/nugnes.com\/index.php?rest_route=\/wp\/v2\/users\/98"}],"replies":[{"embeddable":true,"href":"https:\/\/nugnes.com\/index.php?rest_route=%2Fwp%2Fv2%2Fcomments&post=175976"}],"version-history":[{"count":1,"href":"https:\/\/nugnes.com\/index.php?rest_route=\/wp\/v2\/posts\/175976\/revisions"}],"predecessor-version":[{"id":175977,"href":"https:\/\/nugnes.com\/index.php?rest_route=\/wp\/v2\/posts\/175976\/revisions\/175977"}],"wp:attachment":[{"href":"https:\/\/nugnes.com\/index.php?rest_route=%2Fwp%2Fv2%2Fmedia&parent=175976"}],"wp:term":[{"taxonomy":"category","embeddable":true,"href":"https:\/\/nugnes.com\/index.php?rest_route=%2Fwp%2Fv2%2Fcategories&post=175976"},{"taxonomy":"post_tag","embeddable":true,"href":"https:\/\/nugnes.com\/index.php?rest_route=%2Fwp%2Fv2%2Ftags&post=175976"}],"curies":[{"name":"wp","href":"https:\/\/api.w.org\/{rel}","templated":true}]}}