{"id":176045,"date":"2021-03-29T12:12:43","date_gmt":"2021-03-29T12:12:43","guid":{"rendered":"https:\/\/donna.fanpage.it\/?p=399643"},"modified":"2021-03-29T12:12:43","modified_gmt":"2021-03-29T12:12:43","slug":"fedez-difende-chiara-ferragni-allattare-o-no-e-una-scelta-basta-colpevolizzare-le-mamme","status":"publish","type":"post","link":"https:\/\/nugnes.com\/?p=176045","title":{"rendered":"Fedez difende Chiara Ferragni: allattare o no \u00e8 una scelta, basta colpevolizzare le mamme"},"content":{"rendered":"<img src=\"https:\/\/static.fanpage.it\/wp-content\/uploads\/sites\/11\/2021\/03\/vittoria-lucia-ferragni-chiara-ferragni-allattamento-seno.jpg\" \/><br \/>Da quando Vittoria Lucia Ferragni \u00e8 venuta al mondo i genitori hanno condiviso diversi momenti della sua quotidianit\u00e0, compreso l'allattamento. Questo argomento \u00e8 molto delicato. Fedez ha voluto prendere le difese di sua moglie e di tutte le mamme colpevolizzate e giudicate per la loro scelta di allattare o meno.<br \/><a href=\"https:\/\/donna.fanpage.it\/fedez-difende-chiara-ferragni-allattare-o-no-e-una-scelta-basta-colpevolizzare-le-mamme\/\">Continua a leggere<\/a>","protected":false},"excerpt":{"rendered":"<p>Da quando Vittoria Lucia Ferragni \u00e8 venuta al mondo i genitori hanno condiviso diversi momenti della sua quotidianit\u00e0, compreso l&#8217;allattamento. Questo argomento \u00e8 molto delicato. Fedez ha voluto prendere le difese di sua moglie e di tutte le mamme colp&#8230;<\/p>\n","protected":false},"author":224,"featured_media":0,"comment_status":"closed","ping_status":"closed","sticky":false,"template":"","format":"standard","meta":{"om_disable_all_campaigns":false,"_monsterinsights_skip_tracking":false,"_monsterinsights_sitenote_active":false,"_monsterinsights_sitenote_note":"","_monsterinsights_sitenote_category":0,"footnotes":""},"categories":[795,744],"tags":[],"class_list":["post-176045","post","type-post","status-publish","format-standard","hentry","category-celebrita","category-news"],"aioseo_notices":[],"_links":{"self":[{"href":"https:\/\/nugnes.com\/index.php?rest_route=\/wp\/v2\/posts\/176045","targetHints":{"allow":["GET"]}}],"collection":[{"href":"https:\/\/nugnes.com\/index.php?rest_route=\/wp\/v2\/posts"}],"about":[{"href":"https:\/\/nugnes.com\/index.php?rest_route=\/wp\/v2\/types\/post"}],"author":[{"embeddable":true,"href":"https:\/\/nugnes.com\/index.php?rest_route=\/wp\/v2\/users\/224"}],"replies":[{"embeddable":true,"href":"https:\/\/nugnes.com\/index.php?rest_route=%2Fwp%2Fv2%2Fcomments&post=176045"}],"version-history":[{"count":1,"href":"https:\/\/nugnes.com\/index.php?rest_route=\/wp\/v2\/posts\/176045\/revisions"}],"predecessor-version":[{"id":176046,"href":"https:\/\/nugnes.com\/index.php?rest_route=\/wp\/v2\/posts\/176045\/revisions\/176046"}],"wp:attachment":[{"href":"https:\/\/nugnes.com\/index.php?rest_route=%2Fwp%2Fv2%2Fmedia&parent=176045"}],"wp:term":[{"taxonomy":"category","embeddable":true,"href":"https:\/\/nugnes.com\/index.php?rest_route=%2Fwp%2Fv2%2Fcategories&post=176045"},{"taxonomy":"post_tag","embeddable":true,"href":"https:\/\/nugnes.com\/index.php?rest_route=%2Fwp%2Fv2%2Ftags&post=176045"}],"curies":[{"name":"wp","href":"https:\/\/api.w.org\/{rel}","templated":true}]}}