{"id":176263,"date":"2021-03-29T17:36:27","date_gmt":"2021-03-29T17:36:27","guid":{"rendered":"https:\/\/www.fanpage.it\/?p=1407709"},"modified":"2021-03-29T17:36:27","modified_gmt":"2021-03-29T17:36:27","slug":"dramma-a-senigallia-padre-spara-e-uccide-il-figlio-di-27-anni-arrestato","status":"publish","type":"post","link":"https:\/\/nugnes.com\/?p=176263","title":{"rendered":"Dramma a Senigallia, padre spara e uccide il figlio di 27 anni: arrestato"},"content":{"rendered":"<img src=\"https:\/\/static.fanpage.it\/wp-content\/uploads\/2019\/10\/omicidio-carabinieri3-625x350-300x225.jpg\" \/><br \/>Il dramma si \u00e8 consumato nel pomeriggio di oggi in una villetta della frazione Roncitelli di Senigallia. Sul posto i sanitari del 118 e i carabinieri. Quando sono arrivati i soccorsi, per\u00f2, per il ragazzo non c'era pi\u00f9 nulla da fare: raggiunto al collo da un colpo di pistola. Il genitore invece \u00e8 stato arrestato poco dopo dai militari.<br \/><a href=\"https:\/\/www.fanpage.it\/attualita\/dramma-in-senigallia-padre-spara-e-uccide-il-figlio-di-17-anni-arrestato\/\">Continua a leggere<\/a>","protected":false},"excerpt":{"rendered":"<p>Il dramma si \u00e8 consumato nel pomeriggio di oggi in una villetta della frazione Roncitelli di Senigallia. Sul posto i sanitari del 118 e i carabinieri. Quando sono arrivati i soccorsi, per\u00f2, per il ragazzo non c&#8217;era pi\u00f9 nulla da fare: raggiunto al collo&#8230;<\/p>\n","protected":false},"author":120,"featured_media":0,"comment_status":"closed","ping_status":"closed","sticky":false,"template":"","format":"standard","meta":{"om_disable_all_campaigns":false,"_monsterinsights_skip_tracking":false,"_monsterinsights_sitenote_active":false,"_monsterinsights_sitenote_note":"","_monsterinsights_sitenote_category":0,"footnotes":""},"categories":[745,760],"tags":[],"class_list":["post-176263","post","type-post","status-publish","format-standard","hentry","category-attualita","category-cronaca-nera"],"aioseo_notices":[],"_links":{"self":[{"href":"https:\/\/nugnes.com\/index.php?rest_route=\/wp\/v2\/posts\/176263","targetHints":{"allow":["GET"]}}],"collection":[{"href":"https:\/\/nugnes.com\/index.php?rest_route=\/wp\/v2\/posts"}],"about":[{"href":"https:\/\/nugnes.com\/index.php?rest_route=\/wp\/v2\/types\/post"}],"author":[{"embeddable":true,"href":"https:\/\/nugnes.com\/index.php?rest_route=\/wp\/v2\/users\/120"}],"replies":[{"embeddable":true,"href":"https:\/\/nugnes.com\/index.php?rest_route=%2Fwp%2Fv2%2Fcomments&post=176263"}],"version-history":[{"count":2,"href":"https:\/\/nugnes.com\/index.php?rest_route=\/wp\/v2\/posts\/176263\/revisions"}],"predecessor-version":[{"id":176295,"href":"https:\/\/nugnes.com\/index.php?rest_route=\/wp\/v2\/posts\/176263\/revisions\/176295"}],"wp:attachment":[{"href":"https:\/\/nugnes.com\/index.php?rest_route=%2Fwp%2Fv2%2Fmedia&parent=176263"}],"wp:term":[{"taxonomy":"category","embeddable":true,"href":"https:\/\/nugnes.com\/index.php?rest_route=%2Fwp%2Fv2%2Fcategories&post=176263"},{"taxonomy":"post_tag","embeddable":true,"href":"https:\/\/nugnes.com\/index.php?rest_route=%2Fwp%2Fv2%2Ftags&post=176263"}],"curies":[{"name":"wp","href":"https:\/\/api.w.org\/{rel}","templated":true}]}}