{"id":176862,"date":"2021-03-30T20:44:01","date_gmt":"2021-03-30T20:44:01","guid":{"rendered":"https:\/\/www.fanpage.it\/?p=1408603"},"modified":"2021-03-30T20:44:01","modified_gmt":"2021-03-30T20:44:01","slug":"flori-degrassi-verso-nomina-a-commissaria-alla-sanita-in-molise-ma-e-indagata-per-abuso-dufficio","status":"publish","type":"post","link":"https:\/\/nugnes.com\/?p=176862","title":{"rendered":"Flori Degrassi verso nomina a commissaria alla Sanit\u00e0 in Molise: ma \u00e8 indagata per abuso d\u2019ufficio"},"content":{"rendered":"<img src=\"https:\/\/static.fanpage.it\/wp-content\/uploads\/2021\/03\/Flori-Degrassi-300x225.jpg\" \/><br \/>Dovrebbe arrivare domani l'ufficialit\u00e0 dell'incarico a commissaria alla Sanit\u00e0 in Molise per Flori Degrassi. La direttrice generale dell'Asl Roma 2 avrebbe gi\u00e0 accettato e aspetta la ratifica domani in Consiglio dei ministri. Degrassi, per\u00f2, risulta formalmente indagata per abuso d'ufficio, insieme al presidente Zingaretti, nell'ambito dell'inchiesta sulle nomine nelle Asl del Lazio.<br \/><a href=\"https:\/\/www.fanpage.it\/politica\/flori-degrassi-verso-nomina-a-commissaria-alla-sanita-in-molise-ma-e-indagata-per-abuso-dufficio\/\">Continua a leggere<\/a>","protected":false},"excerpt":{"rendered":"<p>Dovrebbe arrivare domani l&#8217;ufficialit\u00e0 dell&#8217;incarico a commissaria alla Sanit\u00e0 in Molise per Flori Degrassi. La direttrice generale dell&#8217;Asl Roma 2 avrebbe gi\u00e0 accettato e aspetta la ratifica domani in Consiglio dei ministri. Degrassi, per\u00f2, risulta fo&#8230;<\/p>\n","protected":false},"author":187,"featured_media":0,"comment_status":"closed","ping_status":"closed","sticky":false,"template":"","format":"standard","meta":{"om_disable_all_campaigns":false,"_monsterinsights_skip_tracking":false,"_monsterinsights_sitenote_active":false,"_monsterinsights_sitenote_note":"","_monsterinsights_sitenote_category":0,"footnotes":""},"categories":[748],"tags":[],"class_list":["post-176862","post","type-post","status-publish","format-standard","hentry","category-politica-italiana"],"aioseo_notices":[],"_links":{"self":[{"href":"https:\/\/nugnes.com\/index.php?rest_route=\/wp\/v2\/posts\/176862","targetHints":{"allow":["GET"]}}],"collection":[{"href":"https:\/\/nugnes.com\/index.php?rest_route=\/wp\/v2\/posts"}],"about":[{"href":"https:\/\/nugnes.com\/index.php?rest_route=\/wp\/v2\/types\/post"}],"author":[{"embeddable":true,"href":"https:\/\/nugnes.com\/index.php?rest_route=\/wp\/v2\/users\/187"}],"replies":[{"embeddable":true,"href":"https:\/\/nugnes.com\/index.php?rest_route=%2Fwp%2Fv2%2Fcomments&post=176862"}],"version-history":[{"count":1,"href":"https:\/\/nugnes.com\/index.php?rest_route=\/wp\/v2\/posts\/176862\/revisions"}],"predecessor-version":[{"id":176863,"href":"https:\/\/nugnes.com\/index.php?rest_route=\/wp\/v2\/posts\/176862\/revisions\/176863"}],"wp:attachment":[{"href":"https:\/\/nugnes.com\/index.php?rest_route=%2Fwp%2Fv2%2Fmedia&parent=176862"}],"wp:term":[{"taxonomy":"category","embeddable":true,"href":"https:\/\/nugnes.com\/index.php?rest_route=%2Fwp%2Fv2%2Fcategories&post=176862"},{"taxonomy":"post_tag","embeddable":true,"href":"https:\/\/nugnes.com\/index.php?rest_route=%2Fwp%2Fv2%2Ftags&post=176862"}],"curies":[{"name":"wp","href":"https:\/\/api.w.org\/{rel}","templated":true}]}}