{"id":176934,"date":"2021-03-31T05:49:48","date_gmt":"2021-03-31T05:49:48","guid":{"rendered":"https:\/\/www.fanpage.it\/?p=1408631"},"modified":"2021-03-31T05:49:48","modified_gmt":"2021-03-31T05:49:48","slug":"quando-verranno-vaccinati-i-giovani-lamorgese-inizieremo-tra-maggio-e-giugno","status":"publish","type":"post","link":"https:\/\/nugnes.com\/?p=176934","title":{"rendered":"Quando verranno vaccinati i giovani. Lamorgese: \u201cInizieremo tra maggio e giugno\u201d"},"content":{"rendered":"<img src=\"https:\/\/static.fanpage.it\/wp-content\/uploads\/2021\/03\/vaccino-giovani-638x425.jpg\" \/><br \/>La Ministra degli Interni Luciana Lamorgese ha fatto il punto sulle vaccinazioni dei ragazzi: \"Ora che \u00e8 stato raggiunto l\u2019accordo con le Regioni per l\u2019utilizzo della rete delle farmacie, tra maggio e giugno dovremmo iniziare a vaccinare anche le classi di et\u00e0 dei pi\u00f9 giovani che, notoriamente, si spostano e socializzano pi\u00f9 delle altre\".<br \/><a href=\"https:\/\/www.fanpage.it\/attualita\/quando-verranno-vaccinati-i-giovani-lamorgese-inizieremo-tra-maggio-e-giugno\/\">Continua a leggere<\/a>","protected":false},"excerpt":{"rendered":"<p>La Ministra degli Interni Luciana Lamorgese ha fatto il punto sulle vaccinazioni dei ragazzi: &#8220;Ora che \u00e8 stato raggiunto l\u2019accordo con le Regioni per l\u2019utilizzo della rete delle farmacie, tra maggio e giugno dovremmo iniziare a vaccinare anche le class&#8230;<\/p>\n","protected":false},"author":113,"featured_media":0,"comment_status":"closed","ping_status":"closed","sticky":false,"template":"","format":"standard","meta":{"om_disable_all_campaigns":false,"_monsterinsights_skip_tracking":false,"_monsterinsights_sitenote_active":false,"_monsterinsights_sitenote_note":"","_monsterinsights_sitenote_category":0,"footnotes":""},"categories":[745],"tags":[],"class_list":["post-176934","post","type-post","status-publish","format-standard","hentry","category-attualita"],"aioseo_notices":[],"_links":{"self":[{"href":"https:\/\/nugnes.com\/index.php?rest_route=\/wp\/v2\/posts\/176934","targetHints":{"allow":["GET"]}}],"collection":[{"href":"https:\/\/nugnes.com\/index.php?rest_route=\/wp\/v2\/posts"}],"about":[{"href":"https:\/\/nugnes.com\/index.php?rest_route=\/wp\/v2\/types\/post"}],"author":[{"embeddable":true,"href":"https:\/\/nugnes.com\/index.php?rest_route=\/wp\/v2\/users\/113"}],"replies":[{"embeddable":true,"href":"https:\/\/nugnes.com\/index.php?rest_route=%2Fwp%2Fv2%2Fcomments&post=176934"}],"version-history":[{"count":1,"href":"https:\/\/nugnes.com\/index.php?rest_route=\/wp\/v2\/posts\/176934\/revisions"}],"predecessor-version":[{"id":176935,"href":"https:\/\/nugnes.com\/index.php?rest_route=\/wp\/v2\/posts\/176934\/revisions\/176935"}],"wp:attachment":[{"href":"https:\/\/nugnes.com\/index.php?rest_route=%2Fwp%2Fv2%2Fmedia&parent=176934"}],"wp:term":[{"taxonomy":"category","embeddable":true,"href":"https:\/\/nugnes.com\/index.php?rest_route=%2Fwp%2Fv2%2Fcategories&post=176934"},{"taxonomy":"post_tag","embeddable":true,"href":"https:\/\/nugnes.com\/index.php?rest_route=%2Fwp%2Fv2%2Ftags&post=176934"}],"curies":[{"name":"wp","href":"https:\/\/api.w.org\/{rel}","templated":true}]}}