{"id":176938,"date":"2021-03-31T05:42:45","date_gmt":"2021-03-31T05:42:45","guid":{"rendered":"https:\/\/www.fanpage.it\/?p=1408634"},"modified":"2021-03-31T05:42:45","modified_gmt":"2021-03-31T05:42:45","slug":"nuovo-decreto-covid-il-governo-pensa-a-riaperture-automatiche-da-meta-aprile-se-i-dati-migliorano","status":"publish","type":"post","link":"https:\/\/nugnes.com\/?p=176938","title":{"rendered":"Nuovo decreto Covid, il governo pensa a riaperture automatiche da met\u00e0 aprile se i dati migliorano"},"content":{"rendered":"<img src=\"https:\/\/static.fanpage.it\/wp-content\/uploads\/2021\/03\/Mario-Draghi-Palazzo-Chigi-300x225.jpg\" \/><br \/>Oggi il Consiglio dei ministri dovr\u00e0 decidere sulle restrizioni e le regole anti-Covid che entreranno in vigore dopo Pasqua: l'ipotesi pi\u00f9 probabile \u00e8 che si mantenga l'impianto normativo attuale, prevedendo per\u00f2 la possibilit\u00e0 di allentare in modo automatico le misure in quei territori dove i contagi sono scesi a partire da fine aprile.\u00a0Nella maggioranza non sono tutti d'accordo, con il ministro Speranza che continua ad avvertire sulla cautela e il rigore mentre la Lega chiede di riaprire.<br \/><a href=\"https:\/\/www.fanpage.it\/politica\/nuovo-decreto-covid-il-governo-pensa-a-riaperture-automatiche-da-meta-aprile-se-i-dati-migliorano\/\">Continua a leggere<\/a>","protected":false},"excerpt":{"rendered":"<p>Oggi il Consiglio dei ministri dovr\u00e0 decidere sulle restrizioni e le regole anti-Covid che entreranno in vigore dopo Pasqua: l&#8217;ipotesi pi\u00f9 probabile \u00e8 che si mantenga l&#8217;impianto normativo attuale, prevedendo per\u00f2 la possibilit\u00e0 di allentare in modo aut&#8230;<\/p>\n","protected":false},"author":104,"featured_media":0,"comment_status":"closed","ping_status":"closed","sticky":false,"template":"","format":"standard","meta":{"om_disable_all_campaigns":false,"_monsterinsights_skip_tracking":false,"_monsterinsights_sitenote_active":false,"_monsterinsights_sitenote_note":"","_monsterinsights_sitenote_category":0,"footnotes":""},"categories":[748],"tags":[],"class_list":["post-176938","post","type-post","status-publish","format-standard","hentry","category-politica-italiana"],"aioseo_notices":[],"_links":{"self":[{"href":"https:\/\/nugnes.com\/index.php?rest_route=\/wp\/v2\/posts\/176938","targetHints":{"allow":["GET"]}}],"collection":[{"href":"https:\/\/nugnes.com\/index.php?rest_route=\/wp\/v2\/posts"}],"about":[{"href":"https:\/\/nugnes.com\/index.php?rest_route=\/wp\/v2\/types\/post"}],"author":[{"embeddable":true,"href":"https:\/\/nugnes.com\/index.php?rest_route=\/wp\/v2\/users\/104"}],"replies":[{"embeddable":true,"href":"https:\/\/nugnes.com\/index.php?rest_route=%2Fwp%2Fv2%2Fcomments&post=176938"}],"version-history":[{"count":1,"href":"https:\/\/nugnes.com\/index.php?rest_route=\/wp\/v2\/posts\/176938\/revisions"}],"predecessor-version":[{"id":176939,"href":"https:\/\/nugnes.com\/index.php?rest_route=\/wp\/v2\/posts\/176938\/revisions\/176939"}],"wp:attachment":[{"href":"https:\/\/nugnes.com\/index.php?rest_route=%2Fwp%2Fv2%2Fmedia&parent=176938"}],"wp:term":[{"taxonomy":"category","embeddable":true,"href":"https:\/\/nugnes.com\/index.php?rest_route=%2Fwp%2Fv2%2Fcategories&post=176938"},{"taxonomy":"post_tag","embeddable":true,"href":"https:\/\/nugnes.com\/index.php?rest_route=%2Fwp%2Fv2%2Ftags&post=176938"}],"curies":[{"name":"wp","href":"https:\/\/api.w.org\/{rel}","templated":true}]}}