{"id":176981,"date":"2021-03-31T06:57:59","date_gmt":"2021-03-31T06:57:59","guid":{"rendered":"https:\/\/www.fanpage.it\/?p=1408665"},"modified":"2021-03-31T06:57:59","modified_gmt":"2021-03-31T06:57:59","slug":"ilaria-capua-dice-che-il-covid-non-andra-via-nemmeno-con-il-vaccino","status":"publish","type":"post","link":"https:\/\/nugnes.com\/?p=176981","title":{"rendered":"Ilaria Capua dice che il Covid non andr\u00e0 via nemmeno con il vaccino"},"content":{"rendered":"<img src=\"https:\/\/static.fanpage.it\/wp-content\/uploads\/2020\/04\/ilaria_capua_dimarted\u00ec-638x425.jpg\" \/><br \/>\"Il Coronavirus non andr\u00e0 via nemmeno col vaccino\", a dirlo \u00e8 Ilaria Capua intervenuta ieri sera a 'diMaterd\u00ec' in onda su La7. Secondo la virologa infatti il \"vaccino riduce la malattia, ma la circolazione virale non pu\u00f2 essere azzerata. Dobbiamo imparare a conviverci anche senza vederlo, come \u00e8 accaduto per altre malattie in passato.<br \/><a href=\"https:\/\/www.fanpage.it\/attualita\/ilaria-capua-dice-che-il-covid-non-andra-via-nemmeno-con-il-vaccino\/\">Continua a leggere<\/a>","protected":false},"excerpt":{"rendered":"<p>&#8220;Il Coronavirus non andr\u00e0 via nemmeno col vaccino&#8221;, a dirlo \u00e8 Ilaria Capua intervenuta ieri sera a &#8216;diMaterd\u00ec&#8217; in onda su La7. Secondo la virologa infatti il &#8220;vaccino riduce la malattia, ma la circolazione virale non pu\u00f2 essere azzerata. Dobbiamo impar&#8230;<\/p>\n","protected":false},"author":119,"featured_media":0,"comment_status":"closed","ping_status":"closed","sticky":false,"template":"","format":"standard","meta":{"om_disable_all_campaigns":false,"_monsterinsights_skip_tracking":false,"_monsterinsights_sitenote_active":false,"_monsterinsights_sitenote_note":"","_monsterinsights_sitenote_category":0,"footnotes":""},"categories":[745],"tags":[],"class_list":["post-176981","post","type-post","status-publish","format-standard","hentry","category-attualita"],"aioseo_notices":[],"_links":{"self":[{"href":"https:\/\/nugnes.com\/index.php?rest_route=\/wp\/v2\/posts\/176981","targetHints":{"allow":["GET"]}}],"collection":[{"href":"https:\/\/nugnes.com\/index.php?rest_route=\/wp\/v2\/posts"}],"about":[{"href":"https:\/\/nugnes.com\/index.php?rest_route=\/wp\/v2\/types\/post"}],"author":[{"embeddable":true,"href":"https:\/\/nugnes.com\/index.php?rest_route=\/wp\/v2\/users\/119"}],"replies":[{"embeddable":true,"href":"https:\/\/nugnes.com\/index.php?rest_route=%2Fwp%2Fv2%2Fcomments&post=176981"}],"version-history":[{"count":1,"href":"https:\/\/nugnes.com\/index.php?rest_route=\/wp\/v2\/posts\/176981\/revisions"}],"predecessor-version":[{"id":176982,"href":"https:\/\/nugnes.com\/index.php?rest_route=\/wp\/v2\/posts\/176981\/revisions\/176982"}],"wp:attachment":[{"href":"https:\/\/nugnes.com\/index.php?rest_route=%2Fwp%2Fv2%2Fmedia&parent=176981"}],"wp:term":[{"taxonomy":"category","embeddable":true,"href":"https:\/\/nugnes.com\/index.php?rest_route=%2Fwp%2Fv2%2Fcategories&post=176981"},{"taxonomy":"post_tag","embeddable":true,"href":"https:\/\/nugnes.com\/index.php?rest_route=%2Fwp%2Fv2%2Ftags&post=176981"}],"curies":[{"name":"wp","href":"https:\/\/api.w.org\/{rel}","templated":true}]}}