{"id":177462,"date":"2021-03-31T18:41:51","date_gmt":"2021-03-31T18:41:51","guid":{"rendered":"https:\/\/www.fanpage.it\/milano\/?p=74981"},"modified":"2021-03-31T18:41:51","modified_gmt":"2021-03-31T18:41:51","slug":"elenoire-ferruzzi-in-gravi-condizioni-a-causa-del-covid-non-risponde-alle-cure-pronti-al-peggio-2","status":"publish","type":"post","link":"https:\/\/nugnes.com\/?p=177462","title":{"rendered":"Elenoire Ferruzzi in gravi condizioni a causa del Covid: \u201cNon risponde alle cure, pronti al peggio\u201d"},"content":{"rendered":"<img src=\"https:\/\/static.fanpage.it\/wp-content\/uploads\/sites\/29\/2021\/03\/elenoire-ferruzzi-1617210998065-638x425.jpg\" \/><br \/>La star dei social network Elenoire Ferruzzi \u00e8 positiva al covid-19 da diversi giorni. Le sue condizioni sarebbero per\u00f2 molte critiche. Secondo un post pubblicato da un amico e socio su Facebook: \"Elenoire non risponde pi\u00f9 alle cure, i suoi polmoni sono completamente andati. Il primario ha detto alla famiglia di prepararsi al peggio\".<br \/><a href=\"https:\/\/www.fanpage.it\/milano\/elenoire-ferruzzi-in-gravi-condizioni-a-causa-del-covid-non-risponde-alle-cure-pronti-al-peggi\/\">Continua a leggere<\/a>","protected":false},"excerpt":{"rendered":"<p>La star dei social network Elenoire Ferruzzi \u00e8 positiva al covid-19 da diversi giorni. Le sue condizioni sarebbero per\u00f2 molte critiche. Secondo un post pubblicato da un amico e socio su Facebook: &#8220;Elenoire non risponde pi\u00f9 alle cure, i suoi polmoni son&#8230;<\/p>\n","protected":false},"author":208,"featured_media":0,"comment_status":"closed","ping_status":"closed","sticky":false,"template":"","format":"standard","meta":{"om_disable_all_campaigns":false,"_monsterinsights_skip_tracking":false,"_monsterinsights_sitenote_active":false,"_monsterinsights_sitenote_note":"","_monsterinsights_sitenote_category":0,"footnotes":""},"categories":[745,10],"tags":[],"class_list":["post-177462","post","type-post","status-publish","format-standard","hentry","category-attualita","category-cronaca"],"aioseo_notices":[],"_links":{"self":[{"href":"https:\/\/nugnes.com\/index.php?rest_route=\/wp\/v2\/posts\/177462","targetHints":{"allow":["GET"]}}],"collection":[{"href":"https:\/\/nugnes.com\/index.php?rest_route=\/wp\/v2\/posts"}],"about":[{"href":"https:\/\/nugnes.com\/index.php?rest_route=\/wp\/v2\/types\/post"}],"author":[{"embeddable":true,"href":"https:\/\/nugnes.com\/index.php?rest_route=\/wp\/v2\/users\/208"}],"replies":[{"embeddable":true,"href":"https:\/\/nugnes.com\/index.php?rest_route=%2Fwp%2Fv2%2Fcomments&post=177462"}],"version-history":[{"count":1,"href":"https:\/\/nugnes.com\/index.php?rest_route=\/wp\/v2\/posts\/177462\/revisions"}],"predecessor-version":[{"id":177464,"href":"https:\/\/nugnes.com\/index.php?rest_route=\/wp\/v2\/posts\/177462\/revisions\/177464"}],"wp:attachment":[{"href":"https:\/\/nugnes.com\/index.php?rest_route=%2Fwp%2Fv2%2Fmedia&parent=177462"}],"wp:term":[{"taxonomy":"category","embeddable":true,"href":"https:\/\/nugnes.com\/index.php?rest_route=%2Fwp%2Fv2%2Fcategories&post=177462"},{"taxonomy":"post_tag","embeddable":true,"href":"https:\/\/nugnes.com\/index.php?rest_route=%2Fwp%2Fv2%2Ftags&post=177462"}],"curies":[{"name":"wp","href":"https:\/\/api.w.org\/{rel}","templated":true}]}}