{"id":177882,"date":"2021-04-01T16:01:49","date_gmt":"2021-04-01T16:01:49","guid":{"rendered":"https:\/\/www.fanpage.it\/milano\/?p=75229"},"modified":"2021-04-01T16:01:49","modified_gmt":"2021-04-01T16:01:49","slug":"si-cercano-volontari-per-sperimentare-il-vaccino-italiano-reithera-lannuncio-dellospedale-sacco","status":"publish","type":"post","link":"https:\/\/nugnes.com\/?p=177882","title":{"rendered":"\u201cSi cercano volontari per sperimentare il vaccino italiano ReiThera\u201d: l\u2019annuncio dell\u2019ospedale Sacco"},"content":{"rendered":"<img src=\"https:\/\/static.fanpage.it\/wp-content\/uploads\/sites\/29\/2021\/01\/Vaccino-covid-infermiera-638x425.jpg\" \/><br \/>L'ospedale Sacco di Milano cerca volontari per il vaccino italiano anti-covid ReiThera. Per chi fosse interessato \u00e8 prevista un'indennit\u00e0 di ottocento euro. Possono candidarsi coloro che hanno pi\u00f9 di 18 anni, che non hanno contratto il covid e che non hanno ricevuto nessun altro vaccino. La sperimentazione fa parte della fase 2 e 3 della ricerca.<br \/><a href=\"https:\/\/www.fanpage.it\/milano\/si-cercano-volontari-per-sperimentare-il-vaccino-italiano-reithera-lannuncio-dellospedale-sacco\/\">Continua a leggere<\/a>","protected":false},"excerpt":{"rendered":"<p>L&#8217;ospedale Sacco di Milano cerca volontari per il vaccino italiano anti-covid ReiThera. Per chi fosse interessato \u00e8 prevista un&#8217;indennit\u00e0 di ottocento euro. Possono candidarsi coloro che hanno pi\u00f9 di 18 anni, che non hanno contratto il covid e che non &#8230;<\/p>\n","protected":false},"author":208,"featured_media":0,"comment_status":"closed","ping_status":"closed","sticky":false,"template":"","format":"standard","meta":{"om_disable_all_campaigns":false,"_monsterinsights_skip_tracking":false,"_monsterinsights_sitenote_active":false,"_monsterinsights_sitenote_note":"","_monsterinsights_sitenote_category":0,"footnotes":""},"categories":[745,236],"tags":[],"class_list":["post-177882","post","type-post","status-publish","format-standard","hentry","category-attualita","category-lombardia"],"aioseo_notices":[],"_links":{"self":[{"href":"https:\/\/nugnes.com\/index.php?rest_route=\/wp\/v2\/posts\/177882","targetHints":{"allow":["GET"]}}],"collection":[{"href":"https:\/\/nugnes.com\/index.php?rest_route=\/wp\/v2\/posts"}],"about":[{"href":"https:\/\/nugnes.com\/index.php?rest_route=\/wp\/v2\/types\/post"}],"author":[{"embeddable":true,"href":"https:\/\/nugnes.com\/index.php?rest_route=\/wp\/v2\/users\/208"}],"replies":[{"embeddable":true,"href":"https:\/\/nugnes.com\/index.php?rest_route=%2Fwp%2Fv2%2Fcomments&post=177882"}],"version-history":[{"count":1,"href":"https:\/\/nugnes.com\/index.php?rest_route=\/wp\/v2\/posts\/177882\/revisions"}],"predecessor-version":[{"id":177883,"href":"https:\/\/nugnes.com\/index.php?rest_route=\/wp\/v2\/posts\/177882\/revisions\/177883"}],"wp:attachment":[{"href":"https:\/\/nugnes.com\/index.php?rest_route=%2Fwp%2Fv2%2Fmedia&parent=177882"}],"wp:term":[{"taxonomy":"category","embeddable":true,"href":"https:\/\/nugnes.com\/index.php?rest_route=%2Fwp%2Fv2%2Fcategories&post=177882"},{"taxonomy":"post_tag","embeddable":true,"href":"https:\/\/nugnes.com\/index.php?rest_route=%2Fwp%2Fv2%2Ftags&post=177882"}],"curies":[{"name":"wp","href":"https:\/\/api.w.org\/{rel}","templated":true}]}}