{"id":177898,"date":"2021-04-01T15:33:28","date_gmt":"2021-04-01T15:33:28","guid":{"rendered":"https:\/\/www.fanpage.it\/sport\/?p=1416746"},"modified":"2021-04-01T15:33:28","modified_gmt":"2021-04-01T15:33:28","slug":"raiola-e-papa-haaland-da-barcellona-a-madrid-in-poche-ore-per-il-colpo-dellestate","status":"publish","type":"post","link":"https:\/\/nugnes.com\/?p=177898","title":{"rendered":"Raiola e pap\u00e0 Haaland da Barcellona a Madrid in poche ore per il colpo dell\u2019estate"},"content":{"rendered":"<img src=\"https:\/\/static.fanpage.it\/wp-content\/uploads\/sites\/27\/2021\/04\/raiola-haaland-madrid.jpg\" \/><br \/>Madrid dopo Barcellona. Una giornata intensa per Mino Raiola e il padre di Haaland che in poche ore si sono mossi da una citt\u00e0 all'altra per lavorare sul futuro del centravanti norvegese del Borussia Dortmund. Il tormentone del mercato estivo \u00e8 gi\u00e0 pronto e adesso c'\u00e8 grande curiosit\u00e0 su come si evolver\u00e0 questa vicenda nelle prossime settimane.<br \/><a href=\"https:\/\/www.fanpage.it\/sport\/calcio\/raiola-e-papa-haaland-da-barcellona-a-madrid-in-poche-ore-per-il-colpo-dellestate\/\">Continua a leggere<\/a>","protected":false},"excerpt":{"rendered":"<p>Madrid dopo Barcellona. Una giornata intensa per Mino Raiola e il padre di Haaland che in poche ore si sono mossi da una citt\u00e0 all&#8217;altra per lavorare sul futuro del centravanti norvegese del Borussia Dortmund. Il tormentone del mercato estivo \u00e8 gi\u00e0 pro&#8230;<\/p>\n","protected":false},"author":155,"featured_media":0,"comment_status":"closed","ping_status":"closed","sticky":false,"template":"","format":"standard","meta":{"om_disable_all_campaigns":false,"_monsterinsights_skip_tracking":false,"_monsterinsights_sitenote_active":false,"_monsterinsights_sitenote_note":"","_monsterinsights_sitenote_category":0,"footnotes":""},"categories":[57,75,746,743,658],"tags":[],"class_list":["post-177898","post","type-post","status-publish","format-standard","hentry","category-barcellona","category-calcio","category-calciomercato","category-notizie","category-real-madrid"],"aioseo_notices":[],"_links":{"self":[{"href":"https:\/\/nugnes.com\/index.php?rest_route=\/wp\/v2\/posts\/177898","targetHints":{"allow":["GET"]}}],"collection":[{"href":"https:\/\/nugnes.com\/index.php?rest_route=\/wp\/v2\/posts"}],"about":[{"href":"https:\/\/nugnes.com\/index.php?rest_route=\/wp\/v2\/types\/post"}],"author":[{"embeddable":true,"href":"https:\/\/nugnes.com\/index.php?rest_route=\/wp\/v2\/users\/155"}],"replies":[{"embeddable":true,"href":"https:\/\/nugnes.com\/index.php?rest_route=%2Fwp%2Fv2%2Fcomments&post=177898"}],"version-history":[{"count":1,"href":"https:\/\/nugnes.com\/index.php?rest_route=\/wp\/v2\/posts\/177898\/revisions"}],"predecessor-version":[{"id":177899,"href":"https:\/\/nugnes.com\/index.php?rest_route=\/wp\/v2\/posts\/177898\/revisions\/177899"}],"wp:attachment":[{"href":"https:\/\/nugnes.com\/index.php?rest_route=%2Fwp%2Fv2%2Fmedia&parent=177898"}],"wp:term":[{"taxonomy":"category","embeddable":true,"href":"https:\/\/nugnes.com\/index.php?rest_route=%2Fwp%2Fv2%2Fcategories&post=177898"},{"taxonomy":"post_tag","embeddable":true,"href":"https:\/\/nugnes.com\/index.php?rest_route=%2Fwp%2Fv2%2Ftags&post=177898"}],"curies":[{"name":"wp","href":"https:\/\/api.w.org\/{rel}","templated":true}]}}