{"id":177968,"date":"2021-04-01T16:27:43","date_gmt":"2021-04-01T16:27:43","guid":{"rendered":"https:\/\/www.fanpage.it\/?p=1409890"},"modified":"2021-04-01T16:27:43","modified_gmt":"2021-04-01T16:27:43","slug":"covid-il-report-delliss-eta-media-deceduti-e-81-anni-in-lombardia-quasi-un-terzo-delle-vittime","status":"publish","type":"post","link":"https:\/\/nugnes.com\/?p=177968","title":{"rendered":"Covid, il report dell\u2019Iss: et\u00e0 media deceduti \u00e8 81 anni, in Lombardia quasi un terzo delle vittime"},"content":{"rendered":"<img src=\"https:\/\/static.fanpage.it\/wp-content\/uploads\/2020\/04\/CORONAVIRUS-GENERICA-4-ARTICOLO-638x425.jpg\" \/><br \/>L'istituto superiore di sanit\u00e0 ha pubblicato il report mensile sui pazienti affetti da Covid-19 deceduti: l'et\u00e0 media delle vittime \u00e8 81 anni, l'et\u00e0 mediana 82 ed \u00e8 di 35 anni pi\u00f9 alta rispetto a quella dei pazienti che hanno contratto l'infezione. In Lombardia si registra quasi il 30% del totale dei decessi.<br \/><a href=\"https:\/\/www.fanpage.it\/attualita\/covid-il-report-delliss-eta-media-deceduti-e-81-anni-in-lombardia-quasi-un-terzo-delle-vittime\/\">Continua a leggere<\/a>","protected":false},"excerpt":{"rendered":"<p>L&#8217;istituto superiore di sanit\u00e0 ha pubblicato il report mensile sui pazienti affetti da Covid-19 deceduti: l&#8217;et\u00e0 media delle vittime \u00e8 81 anni, l&#8217;et\u00e0 mediana 82 ed \u00e8 di 35 anni pi\u00f9 alta rispetto a quella dei pazienti che hanno contratto l&#8217;infezione. In &#8230;<\/p>\n","protected":false},"author":108,"featured_media":0,"comment_status":"closed","ping_status":"closed","sticky":false,"template":"","format":"standard","meta":{"om_disable_all_campaigns":false,"_monsterinsights_skip_tracking":false,"_monsterinsights_sitenote_active":false,"_monsterinsights_sitenote_note":"","_monsterinsights_sitenote_category":0,"footnotes":""},"categories":[745],"tags":[],"class_list":["post-177968","post","type-post","status-publish","format-standard","hentry","category-attualita"],"aioseo_notices":[],"_links":{"self":[{"href":"https:\/\/nugnes.com\/index.php?rest_route=\/wp\/v2\/posts\/177968","targetHints":{"allow":["GET"]}}],"collection":[{"href":"https:\/\/nugnes.com\/index.php?rest_route=\/wp\/v2\/posts"}],"about":[{"href":"https:\/\/nugnes.com\/index.php?rest_route=\/wp\/v2\/types\/post"}],"author":[{"embeddable":true,"href":"https:\/\/nugnes.com\/index.php?rest_route=\/wp\/v2\/users\/108"}],"replies":[{"embeddable":true,"href":"https:\/\/nugnes.com\/index.php?rest_route=%2Fwp%2Fv2%2Fcomments&post=177968"}],"version-history":[{"count":1,"href":"https:\/\/nugnes.com\/index.php?rest_route=\/wp\/v2\/posts\/177968\/revisions"}],"predecessor-version":[{"id":177969,"href":"https:\/\/nugnes.com\/index.php?rest_route=\/wp\/v2\/posts\/177968\/revisions\/177969"}],"wp:attachment":[{"href":"https:\/\/nugnes.com\/index.php?rest_route=%2Fwp%2Fv2%2Fmedia&parent=177968"}],"wp:term":[{"taxonomy":"category","embeddable":true,"href":"https:\/\/nugnes.com\/index.php?rest_route=%2Fwp%2Fv2%2Fcategories&post=177968"},{"taxonomy":"post_tag","embeddable":true,"href":"https:\/\/nugnes.com\/index.php?rest_route=%2Fwp%2Fv2%2Ftags&post=177968"}],"curies":[{"name":"wp","href":"https:\/\/api.w.org\/{rel}","templated":true}]}}