{"id":181422,"date":"2021-04-09T09:41:08","date_gmt":"2021-04-09T09:41:08","guid":{"rendered":"https:\/\/www.fanpage.it\/sport\/?p=1421902"},"modified":"2021-04-09T09:41:08","modified_gmt":"2021-04-09T09:41:08","slug":"kulusevski-perde-quota-verso-la-terza-panchina-consecutiva-nella-juventus","status":"publish","type":"post","link":"https:\/\/nugnes.com\/?p=181422","title":{"rendered":"Kulusevski perde quota: verso la terza panchina consecutiva nella Juventus"},"content":{"rendered":"<img src=\"https:\/\/static.fanpage.it\/wp-content\/uploads\/sites\/27\/2020\/12\/Schermata-2020-12-16-alle-22.00.30-638x425.jpg\" \/><br \/>Dejan Kulusevski non \u00e8 partito dall'inizio contro il Napoli e probabilmente Pirlo non lo schierer\u00e0 nemmeno contro i rossoblu. Lo svedese ha segnato all'esordio, ma si \u00e8 perso con l'andare della stagione, complice anche la confusione tattica della Juventus. I suoi cinque gol in 37 presenza non sono sufficienti, ma i bianconeri non possono fare altro che aspettarlo.<br \/><a href=\"https:\/\/www.fanpage.it\/sport\/calcio\/kulusevski-perde-quota-verso-la-terza-panchina-consecutiva-nella-juventus\/\">Continua a leggere<\/a>","protected":false},"excerpt":{"rendered":"<p>Dejan Kulusevski non \u00e8 partito dall&#8217;inizio contro il Napoli e probabilmente Pirlo non lo schierer\u00e0 nemmeno contro i rossoblu. Lo svedese ha segnato all&#8217;esordio, ma si \u00e8 perso con l&#8217;andare della stagione, complice anche la confusione tattica della Juven&#8230;<\/p>\n","protected":false},"author":249,"featured_media":0,"comment_status":"closed","ping_status":"closed","sticky":false,"template":"","format":"standard","meta":{"om_disable_all_campaigns":false,"_monsterinsights_skip_tracking":false,"_monsterinsights_sitenote_active":false,"_monsterinsights_sitenote_note":"","_monsterinsights_sitenote_category":0,"footnotes":""},"categories":[75,150,743,344],"tags":[],"class_list":["post-181422","post","type-post","status-publish","format-standard","hentry","category-calcio","category-juventus","category-notizie","category-serie-a"],"aioseo_notices":[],"_links":{"self":[{"href":"https:\/\/nugnes.com\/index.php?rest_route=\/wp\/v2\/posts\/181422","targetHints":{"allow":["GET"]}}],"collection":[{"href":"https:\/\/nugnes.com\/index.php?rest_route=\/wp\/v2\/posts"}],"about":[{"href":"https:\/\/nugnes.com\/index.php?rest_route=\/wp\/v2\/types\/post"}],"author":[{"embeddable":true,"href":"https:\/\/nugnes.com\/index.php?rest_route=\/wp\/v2\/users\/249"}],"replies":[{"embeddable":true,"href":"https:\/\/nugnes.com\/index.php?rest_route=%2Fwp%2Fv2%2Fcomments&post=181422"}],"version-history":[{"count":2,"href":"https:\/\/nugnes.com\/index.php?rest_route=\/wp\/v2\/posts\/181422\/revisions"}],"predecessor-version":[{"id":181516,"href":"https:\/\/nugnes.com\/index.php?rest_route=\/wp\/v2\/posts\/181422\/revisions\/181516"}],"wp:attachment":[{"href":"https:\/\/nugnes.com\/index.php?rest_route=%2Fwp%2Fv2%2Fmedia&parent=181422"}],"wp:term":[{"taxonomy":"category","embeddable":true,"href":"https:\/\/nugnes.com\/index.php?rest_route=%2Fwp%2Fv2%2Fcategories&post=181422"},{"taxonomy":"post_tag","embeddable":true,"href":"https:\/\/nugnes.com\/index.php?rest_route=%2Fwp%2Fv2%2Ftags&post=181422"}],"curies":[{"name":"wp","href":"https:\/\/api.w.org\/{rel}","templated":true}]}}