{"id":181864,"date":"2021-04-09T20:43:06","date_gmt":"2021-04-09T20:43:06","guid":{"rendered":"https:\/\/www.fanpage.it\/sport\/?p=1422416"},"modified":"2021-04-09T20:43:06","modified_gmt":"2021-04-09T20:43:06","slug":"sospeso-il-guardalinee-che-chiese-lautografo-ad-halaand-li-raccolgo-per-beneficenza","status":"publish","type":"post","link":"https:\/\/nugnes.com\/?p=181864","title":{"rendered":"Sospeso il guardalinee che chiese l\u2019autografo ad Halaand: \u201cLi raccolgo per beneficenza\u201d"},"content":{"rendered":"<img src=\"https:\/\/static.fanpage.it\/wp-content\/uploads\/sites\/27\/2021\/04\/guardalinee-haaland-638x425.jpg\" \/><br \/>Octavian Sovre, 47 anni, \u00e8 l'assistente di linea rumeno sospeso dalla propria commissione arbitrale per aver chiesto l'autografo ad Haaland. Dietro quel gesto, per\u00f2, c'\u00e8 una motivazione molto toccante: raccoglie le firme e le dediche degli sportivi pi\u00f9 importanti e le dona a un centro che si occupa delle terapie per adulti che hanno gravi forme di autismo.<br \/><a href=\"https:\/\/www.fanpage.it\/sport\/calcio\/sospeso-il-guardalinee-che-chiese-lautografo-ad-halaand-li-raccolgo-per-beneficenza\/\">Continua a leggere<\/a>","protected":false},"excerpt":{"rendered":"<p>Octavian Sovre, 47 anni, \u00e8 l&#8217;assistente di linea rumeno sospeso dalla propria commissione arbitrale per aver chiesto l&#8217;autografo ad Haaland. Dietro quel gesto, per\u00f2, c&#8217;\u00e8 una motivazione molto toccante: raccoglie le firme e le dediche degli sportivi pi\u00f9&#8230;<\/p>\n","protected":false},"author":100,"featured_media":0,"comment_status":"closed","ping_status":"closed","sticky":false,"template":"","format":"standard","meta":{"om_disable_all_campaigns":false,"_monsterinsights_skip_tracking":false,"_monsterinsights_sitenote_active":false,"_monsterinsights_sitenote_note":"","_monsterinsights_sitenote_category":0,"footnotes":""},"categories":[75,476,743],"tags":[],"class_list":["post-181864","post","type-post","status-publish","format-standard","hentry","category-calcio","category-champions-league","category-notizie"],"aioseo_notices":[],"_links":{"self":[{"href":"https:\/\/nugnes.com\/index.php?rest_route=\/wp\/v2\/posts\/181864","targetHints":{"allow":["GET"]}}],"collection":[{"href":"https:\/\/nugnes.com\/index.php?rest_route=\/wp\/v2\/posts"}],"about":[{"href":"https:\/\/nugnes.com\/index.php?rest_route=\/wp\/v2\/types\/post"}],"author":[{"embeddable":true,"href":"https:\/\/nugnes.com\/index.php?rest_route=\/wp\/v2\/users\/100"}],"replies":[{"embeddable":true,"href":"https:\/\/nugnes.com\/index.php?rest_route=%2Fwp%2Fv2%2Fcomments&post=181864"}],"version-history":[{"count":1,"href":"https:\/\/nugnes.com\/index.php?rest_route=\/wp\/v2\/posts\/181864\/revisions"}],"predecessor-version":[{"id":181865,"href":"https:\/\/nugnes.com\/index.php?rest_route=\/wp\/v2\/posts\/181864\/revisions\/181865"}],"wp:attachment":[{"href":"https:\/\/nugnes.com\/index.php?rest_route=%2Fwp%2Fv2%2Fmedia&parent=181864"}],"wp:term":[{"taxonomy":"category","embeddable":true,"href":"https:\/\/nugnes.com\/index.php?rest_route=%2Fwp%2Fv2%2Fcategories&post=181864"},{"taxonomy":"post_tag","embeddable":true,"href":"https:\/\/nugnes.com\/index.php?rest_route=%2Fwp%2Fv2%2Ftags&post=181864"}],"curies":[{"name":"wp","href":"https:\/\/api.w.org\/{rel}","templated":true}]}}