{"id":186532,"date":"2021-04-19T12:13:39","date_gmt":"2021-04-19T12:13:39","guid":{"rendered":"https:\/\/www.fanpage.it\/milano\/?p=78181"},"modified":"2021-04-19T12:13:39","modified_gmt":"2021-04-19T12:13:39","slug":"verso-il-25-aprile-a-milano-niente-corteo-ma-fiori-per-ogni-lapide-in-ricordo-dei-partigiani","status":"publish","type":"post","link":"https:\/\/nugnes.com\/?p=186532","title":{"rendered":"Verso il 25 aprile a Milano: niente corteo, ma fiori per ogni lapide in ricordo dei partigiani"},"content":{"rendered":"<img src=\"https:\/\/static.fanpage.it\/wp-content\/uploads\/sites\/3\/2020\/04\/photo_4946-638x425.jpeg\" \/><br \/>Niente corteo per il 76esimo anniversario della Liberazione dell'Italia da nazifascismo. Il prossimo 25 aprile a Milano su ognuna delle centinaia di lapidi che ricordano i partigiani verr\u00e0 posata una corona di fiori, e si terr\u00e0 una cerimonia istituzionale alla Loggia dei mercanti alla presenza del sindaco Sala. Intanto da oggi \u00e8 online il il Memoriale della Resistenza italiana.<br \/><a href=\"https:\/\/www.fanpage.it\/milano\/verso-il-25-aprile-a-milano-niente-corteo-ma-fiori-per-ogni-lapide-in-ricordo-dei-partigiani\/\">Continua a leggere<\/a>","protected":false},"excerpt":{"rendered":"<p>Niente corteo per il 76esimo anniversario della Liberazione dell&#8217;Italia da nazifascismo. Il prossimo 25 aprile a Milano su ognuna delle centinaia di lapidi che ricordano i partigiani verr\u00e0 posata una corona di fiori, e si terr\u00e0 una cerimonia istituzion&#8230;<\/p>\n","protected":false},"author":88,"featured_media":0,"comment_status":"closed","ping_status":"closed","sticky":false,"template":"","format":"standard","meta":{"om_disable_all_campaigns":false,"_monsterinsights_skip_tracking":false,"_monsterinsights_sitenote_active":false,"_monsterinsights_sitenote_note":"","_monsterinsights_sitenote_category":0,"footnotes":""},"categories":[745,1138],"tags":[],"class_list":["post-186532","post","type-post","status-publish","format-standard","hentry","category-attualita","category-cultura-e-tradizioni"],"aioseo_notices":[],"_links":{"self":[{"href":"https:\/\/nugnes.com\/index.php?rest_route=\/wp\/v2\/posts\/186532","targetHints":{"allow":["GET"]}}],"collection":[{"href":"https:\/\/nugnes.com\/index.php?rest_route=\/wp\/v2\/posts"}],"about":[{"href":"https:\/\/nugnes.com\/index.php?rest_route=\/wp\/v2\/types\/post"}],"author":[{"embeddable":true,"href":"https:\/\/nugnes.com\/index.php?rest_route=\/wp\/v2\/users\/88"}],"replies":[{"embeddable":true,"href":"https:\/\/nugnes.com\/index.php?rest_route=%2Fwp%2Fv2%2Fcomments&post=186532"}],"version-history":[{"count":1,"href":"https:\/\/nugnes.com\/index.php?rest_route=\/wp\/v2\/posts\/186532\/revisions"}],"predecessor-version":[{"id":186533,"href":"https:\/\/nugnes.com\/index.php?rest_route=\/wp\/v2\/posts\/186532\/revisions\/186533"}],"wp:attachment":[{"href":"https:\/\/nugnes.com\/index.php?rest_route=%2Fwp%2Fv2%2Fmedia&parent=186532"}],"wp:term":[{"taxonomy":"category","embeddable":true,"href":"https:\/\/nugnes.com\/index.php?rest_route=%2Fwp%2Fv2%2Fcategories&post=186532"},{"taxonomy":"post_tag","embeddable":true,"href":"https:\/\/nugnes.com\/index.php?rest_route=%2Fwp%2Fv2%2Ftags&post=186532"}],"curies":[{"name":"wp","href":"https:\/\/api.w.org\/{rel}","templated":true}]}}