{"id":186538,"date":"2021-04-19T12:05:24","date_gmt":"2021-04-19T12:05:24","guid":{"rendered":"https:\/\/www.fanpage.it\/?p=1420022"},"modified":"2021-04-19T12:05:24","modified_gmt":"2021-04-19T12:05:24","slug":"covid-quando-saranno-vaccinati-bambini-e-ragazzi","status":"publish","type":"post","link":"https:\/\/nugnes.com\/?p=186538","title":{"rendered":"Covid, quando saranno vaccinati bambini e ragazzi"},"content":{"rendered":"<img src=\"https:\/\/static.fanpage.it\/wp-content\/uploads\/2021\/04\/vaccine-covid-638x425.jpg\" \/><br \/>Il vaccino anti covid per bambini e ragazzi presto potrebbe essere realt\u00e0, Pfizer ha gi\u00e0 chiesto l'uso di emergenza in Usa per i ragazzi tra 12 e 15 anni e sono molte le societ\u00e0 farmaceutiche che hanno avviato sperimentazioni su minori. I risultai definitivi dovrebbero arrivare nei prossimi mesi, poi le varie agenzie del farmaco daranno il via libera.<br \/><a href=\"https:\/\/www.fanpage.it\/attualita\/covid-quando-saranno-vaccinati-bambini-e-ragazzi\/\">Continua a leggere<\/a>","protected":false},"excerpt":{"rendered":"<p>Il vaccino anti covid per bambini e ragazzi presto potrebbe essere realt\u00e0, Pfizer ha gi\u00e0 chiesto l&#8217;uso di emergenza in Usa per i ragazzi tra 12 e 15 anni e sono molte le societ\u00e0 farmaceutiche che hanno avviato sperimentazioni su minori. I risultai defi&#8230;<\/p>\n","protected":false},"author":120,"featured_media":0,"comment_status":"closed","ping_status":"closed","sticky":false,"template":"","format":"standard","meta":{"om_disable_all_campaigns":false,"_monsterinsights_skip_tracking":false,"_monsterinsights_sitenote_active":false,"_monsterinsights_sitenote_note":"","_monsterinsights_sitenote_category":0,"footnotes":""},"categories":[745],"tags":[],"class_list":["post-186538","post","type-post","status-publish","format-standard","hentry","category-attualita"],"aioseo_notices":[],"_links":{"self":[{"href":"https:\/\/nugnes.com\/index.php?rest_route=\/wp\/v2\/posts\/186538","targetHints":{"allow":["GET"]}}],"collection":[{"href":"https:\/\/nugnes.com\/index.php?rest_route=\/wp\/v2\/posts"}],"about":[{"href":"https:\/\/nugnes.com\/index.php?rest_route=\/wp\/v2\/types\/post"}],"author":[{"embeddable":true,"href":"https:\/\/nugnes.com\/index.php?rest_route=\/wp\/v2\/users\/120"}],"replies":[{"embeddable":true,"href":"https:\/\/nugnes.com\/index.php?rest_route=%2Fwp%2Fv2%2Fcomments&post=186538"}],"version-history":[{"count":1,"href":"https:\/\/nugnes.com\/index.php?rest_route=\/wp\/v2\/posts\/186538\/revisions"}],"predecessor-version":[{"id":186539,"href":"https:\/\/nugnes.com\/index.php?rest_route=\/wp\/v2\/posts\/186538\/revisions\/186539"}],"wp:attachment":[{"href":"https:\/\/nugnes.com\/index.php?rest_route=%2Fwp%2Fv2%2Fmedia&parent=186538"}],"wp:term":[{"taxonomy":"category","embeddable":true,"href":"https:\/\/nugnes.com\/index.php?rest_route=%2Fwp%2Fv2%2Fcategories&post=186538"},{"taxonomy":"post_tag","embeddable":true,"href":"https:\/\/nugnes.com\/index.php?rest_route=%2Fwp%2Fv2%2Ftags&post=186538"}],"curies":[{"name":"wp","href":"https:\/\/api.w.org\/{rel}","templated":true}]}}