{"id":186550,"date":"2021-04-19T11:46:56","date_gmt":"2021-04-19T11:46:56","guid":{"rendered":"https:\/\/www.fanpage.it\/milano\/?p=78160"},"modified":"2021-04-19T11:46:56","modified_gmt":"2021-04-19T11:46:56","slug":"i-ristoranti-e-i-bar-di-milano-si-preparano-alla-zona-gialla-gia-concessi-quasi-duemila-dehors","status":"publish","type":"post","link":"https:\/\/nugnes.com\/?p=186550","title":{"rendered":"I ristoranti e i bar di Milano si preparano alla zona gialla:\u00a0gi\u00e0 concessi quasi duemila dehors"},"content":{"rendered":"<img src=\"https:\/\/static.fanpage.it\/wp-content\/uploads\/sites\/3\/2020\/05\/ristorante-tavolini-milano-638x425.jpg\" \/><br \/>In vista del possibile passaggio in zona gialla del 26 aprile, i ristoratori e i proprietari dei bar e dei locali di Milano si preparano all'eventuale riapertura: secondo le regole sar\u00e0 possibile pranzare e cenare solo all'aperto. Per questo motivo, potrebbero aumentare le richieste di concessione di dehors al Comune: \"Per far s\u00ec che queste aumentino \u00e8 essenziale che il Governo estenda la deroga di gratuit\u00e0 fino a dicembre\", spiega a Fanpage.it l'Assessorato all'Urbanistica.<br \/><a href=\"https:\/\/www.fanpage.it\/milano\/i-ristoranti-e-i-bar-di-milano-si-preparano-alla-zona-gialla-gia-concessi-quasi-duemila-dehors\/\">Continua a leggere<\/a>","protected":false},"excerpt":{"rendered":"<p>In vista del possibile passaggio in zona gialla del 26 aprile, i ristoratori e i proprietari dei bar e dei locali di Milano si preparano all&#8217;eventuale riapertura: secondo le regole sar\u00e0 possibile pranzare e cenare solo all&#8217;aperto. Per questo motivo, po&#8230;<\/p>\n","protected":false},"author":208,"featured_media":0,"comment_status":"closed","ping_status":"closed","sticky":false,"template":"","format":"standard","meta":{"om_disable_all_campaigns":false,"_monsterinsights_skip_tracking":false,"_monsterinsights_sitenote_active":false,"_monsterinsights_sitenote_note":"","_monsterinsights_sitenote_category":0,"footnotes":""},"categories":[745,236],"tags":[],"class_list":["post-186550","post","type-post","status-publish","format-standard","hentry","category-attualita","category-lombardia"],"aioseo_notices":[],"_links":{"self":[{"href":"https:\/\/nugnes.com\/index.php?rest_route=\/wp\/v2\/posts\/186550","targetHints":{"allow":["GET"]}}],"collection":[{"href":"https:\/\/nugnes.com\/index.php?rest_route=\/wp\/v2\/posts"}],"about":[{"href":"https:\/\/nugnes.com\/index.php?rest_route=\/wp\/v2\/types\/post"}],"author":[{"embeddable":true,"href":"https:\/\/nugnes.com\/index.php?rest_route=\/wp\/v2\/users\/208"}],"replies":[{"embeddable":true,"href":"https:\/\/nugnes.com\/index.php?rest_route=%2Fwp%2Fv2%2Fcomments&post=186550"}],"version-history":[{"count":1,"href":"https:\/\/nugnes.com\/index.php?rest_route=\/wp\/v2\/posts\/186550\/revisions"}],"predecessor-version":[{"id":186551,"href":"https:\/\/nugnes.com\/index.php?rest_route=\/wp\/v2\/posts\/186550\/revisions\/186551"}],"wp:attachment":[{"href":"https:\/\/nugnes.com\/index.php?rest_route=%2Fwp%2Fv2%2Fmedia&parent=186550"}],"wp:term":[{"taxonomy":"category","embeddable":true,"href":"https:\/\/nugnes.com\/index.php?rest_route=%2Fwp%2Fv2%2Fcategories&post=186550"},{"taxonomy":"post_tag","embeddable":true,"href":"https:\/\/nugnes.com\/index.php?rest_route=%2Fwp%2Fv2%2Ftags&post=186550"}],"curies":[{"name":"wp","href":"https:\/\/api.w.org\/{rel}","templated":true}]}}