{"id":187003,"date":"2021-04-20T08:33:29","date_gmt":"2021-04-20T08:33:29","guid":{"rendered":"https:\/\/www.fanpage.it\/napoli\/?p=103097"},"modified":"2021-04-20T08:33:29","modified_gmt":"2021-04-20T08:33:29","slug":"morte-di-maurizio-cerrato-la-figlia-ucciso-per-difendere-me-non-e-stata-una-lite","status":"publish","type":"post","link":"https:\/\/nugnes.com\/?p=187003","title":{"rendered":"Morte di Maurizio Cerrato, la figlia: \u201cUcciso per difendere me, non \u00e8 stata una lite\u201d"},"content":{"rendered":"<img src=\"https:\/\/static.fanpage.it\/wp-content\/uploads\/sites\/30\/2021\/04\/Morto-61-anni-torre-figlia-638x425.jpg\" \/><br \/>\"A mio padre \u00e8 stato fatto un agguato in piena regola, solo per difendere me. \u00c8 stato pugnalato e con questa gente non aveva mai avuto a che fare. Non \u00e8 morto in una lite\". Sono le parole a caldo della figlia di Maurizio Cerrato, 61enne di Torre Annunziata, ucciso con una pugnalata al petto per difendere sua figlia, nella serata di ieri, luned\u00ec 19 aprile, poco dopo le ore 21, in via IV novembre.<br \/><a href=\"https:\/\/www.fanpage.it\/napoli\/maurizio-cerrato-ucciso-a-61-anni-la-figlia-contro-mio-padre-un-agguato-non-e-stata-una-lite\/\">Continua a leggere<\/a>","protected":false},"excerpt":{"rendered":"<p>&#8220;A mio padre \u00e8 stato fatto un agguato in piena regola, solo per difendere me. \u00c8 stato pugnalato e con questa gente non aveva mai avuto a che fare. Non \u00e8 morto in una lite&#8221;. Sono le parole a caldo della figlia di Maurizio Cerrato, 61enne di Torre Annunz&#8230;<\/p>\n","protected":false},"author":77,"featured_media":0,"comment_status":"closed","ping_status":"closed","sticky":false,"template":"","format":"standard","meta":{"om_disable_all_campaigns":false,"_monsterinsights_skip_tracking":false,"_monsterinsights_sitenote_active":false,"_monsterinsights_sitenote_note":"","_monsterinsights_sitenote_category":0,"footnotes":""},"categories":[10],"tags":[],"class_list":["post-187003","post","type-post","status-publish","format-standard","hentry","category-cronaca"],"aioseo_notices":[],"_links":{"self":[{"href":"https:\/\/nugnes.com\/index.php?rest_route=\/wp\/v2\/posts\/187003","targetHints":{"allow":["GET"]}}],"collection":[{"href":"https:\/\/nugnes.com\/index.php?rest_route=\/wp\/v2\/posts"}],"about":[{"href":"https:\/\/nugnes.com\/index.php?rest_route=\/wp\/v2\/types\/post"}],"author":[{"embeddable":true,"href":"https:\/\/nugnes.com\/index.php?rest_route=\/wp\/v2\/users\/77"}],"replies":[{"embeddable":true,"href":"https:\/\/nugnes.com\/index.php?rest_route=%2Fwp%2Fv2%2Fcomments&post=187003"}],"version-history":[{"count":1,"href":"https:\/\/nugnes.com\/index.php?rest_route=\/wp\/v2\/posts\/187003\/revisions"}],"predecessor-version":[{"id":187004,"href":"https:\/\/nugnes.com\/index.php?rest_route=\/wp\/v2\/posts\/187003\/revisions\/187004"}],"wp:attachment":[{"href":"https:\/\/nugnes.com\/index.php?rest_route=%2Fwp%2Fv2%2Fmedia&parent=187003"}],"wp:term":[{"taxonomy":"category","embeddable":true,"href":"https:\/\/nugnes.com\/index.php?rest_route=%2Fwp%2Fv2%2Fcategories&post=187003"},{"taxonomy":"post_tag","embeddable":true,"href":"https:\/\/nugnes.com\/index.php?rest_route=%2Fwp%2Fv2%2Ftags&post=187003"}],"curies":[{"name":"wp","href":"https:\/\/api.w.org\/{rel}","templated":true}]}}