{"id":187182,"date":"2021-04-20T14:17:50","date_gmt":"2021-04-20T14:17:50","guid":{"rendered":"https:\/\/music.fanpage.it\/?p=210346"},"modified":"2021-04-20T14:17:50","modified_gmt":"2021-04-20T14:17:50","slug":"laura-pausini-se-vinco-loscar-urlo-e-spero-di-non-dire-parolacce","status":"publish","type":"post","link":"https:\/\/nugnes.com\/?p=187182","title":{"rendered":"Laura Pausini: \u201cSe vinco l\u2019Oscar urlo e spero di non dire parolacce\u201d"},"content":{"rendered":"<img src=\"https:\/\/static.fanpage.it\/wp-content\/uploads\/sites\/14\/2021\/04\/pausini-golden-globe-638x425.jpg\" \/><br \/>Laura Pausini si sta preparando per la cerimonia degli Oscar che si terr\u00e0 domenica 25 aprile, durante la quale dovr\u00e0 esibirsi nel brano \"Io s\u00ec\", con cui \u00e8 stata candidata dagli Academy nella categoria \"miglior canzone originale\". La cantante, partita per l'America senza la figlia Paola, immagina una sua possibile reazione alla vittoria: \"Se non vinco mi sentir\u00f2 vincitrice lo stesso\".<br \/><a href=\"https:\/\/music.fanpage.it\/laura-pausini-se-vinco-loscar-urlo-e-spero-di-non-dire-parolacce\/\">Continua a leggere<\/a>","protected":false},"excerpt":{"rendered":"<p>Laura Pausini si sta preparando per la cerimonia degli Oscar che si terr\u00e0 domenica 25 aprile, durante la quale dovr\u00e0 esibirsi nel brano &#8220;Io s\u00ec&#8221;, con cui \u00e8 stata candidata dagli Academy nella categoria &#8220;miglior canzone originale&#8221;. La cantante, partita p&#8230;<\/p>\n","protected":false},"author":103,"featured_media":0,"comment_status":"closed","ping_status":"closed","sticky":false,"template":"","format":"standard","meta":{"om_disable_all_campaigns":false,"_monsterinsights_skip_tracking":false,"_monsterinsights_sitenote_active":false,"_monsterinsights_sitenote_note":"","_monsterinsights_sitenote_category":0,"footnotes":""},"categories":[744],"tags":[],"class_list":["post-187182","post","type-post","status-publish","format-standard","hentry","category-news"],"aioseo_notices":[],"_links":{"self":[{"href":"https:\/\/nugnes.com\/index.php?rest_route=\/wp\/v2\/posts\/187182","targetHints":{"allow":["GET"]}}],"collection":[{"href":"https:\/\/nugnes.com\/index.php?rest_route=\/wp\/v2\/posts"}],"about":[{"href":"https:\/\/nugnes.com\/index.php?rest_route=\/wp\/v2\/types\/post"}],"author":[{"embeddable":true,"href":"https:\/\/nugnes.com\/index.php?rest_route=\/wp\/v2\/users\/103"}],"replies":[{"embeddable":true,"href":"https:\/\/nugnes.com\/index.php?rest_route=%2Fwp%2Fv2%2Fcomments&post=187182"}],"version-history":[{"count":1,"href":"https:\/\/nugnes.com\/index.php?rest_route=\/wp\/v2\/posts\/187182\/revisions"}],"predecessor-version":[{"id":187183,"href":"https:\/\/nugnes.com\/index.php?rest_route=\/wp\/v2\/posts\/187182\/revisions\/187183"}],"wp:attachment":[{"href":"https:\/\/nugnes.com\/index.php?rest_route=%2Fwp%2Fv2%2Fmedia&parent=187182"}],"wp:term":[{"taxonomy":"category","embeddable":true,"href":"https:\/\/nugnes.com\/index.php?rest_route=%2Fwp%2Fv2%2Fcategories&post=187182"},{"taxonomy":"post_tag","embeddable":true,"href":"https:\/\/nugnes.com\/index.php?rest_route=%2Fwp%2Fv2%2Ftags&post=187182"}],"curies":[{"name":"wp","href":"https:\/\/api.w.org\/{rel}","templated":true}]}}