{"id":187198,"date":"2021-04-20T13:56:48","date_gmt":"2021-04-20T13:56:48","guid":{"rendered":"https:\/\/www.fanpage.it\/sport\/?p=1429884"},"modified":"2021-04-20T13:56:48","modified_gmt":"2021-04-20T13:56:48","slug":"furia-de-zerbi-sulla-superlega-non-ho-piacere-a-giocare-contro-il-milan","status":"publish","type":"post","link":"https:\/\/nugnes.com\/?p=187198","title":{"rendered":"Furia De Zerbi sulla Superlega: \u201cNon ho piacere a giocare contro il Milan\u201d"},"content":{"rendered":"<img src=\"https:\/\/static.fanpage.it\/wp-content\/uploads\/sites\/27\/2021\/04\/Schermata-2021-04-20-alle-15.54.13-638x425.jpg\" \/><br \/>Il tecnico del Sassuolo, alla vigilia della partita con il Milan, ha parlato della nascita della Superlega e non ha fatto nulla per nascondere il suo grande disappunto: \"Sono molto arrabbiato perch\u00e9 domenica \u00e8 stato fatto un colpo di stato! Questo episodio equivale un colpo di stato nel calcio. Questa \u00e8 una cosa che mi urta i nervi\".<br \/><a href=\"https:\/\/www.fanpage.it\/sport\/calcio\/furia-de-zerbi-sulla-superlega-non-ho-piacere-a-giocare-contro-il-milan\/\">Continua a leggere<\/a>","protected":false},"excerpt":{"rendered":"<p>Il tecnico del Sassuolo, alla vigilia della partita con il Milan, ha parlato della nascita della Superlega e non ha fatto nulla per nascondere il suo grande disappunto: &#8220;Sono molto arrabbiato perch\u00e9 domenica \u00e8 stato fatto un colpo di stato! Questo epis&#8230;<\/p>\n","protected":false},"author":116,"featured_media":0,"comment_status":"closed","ping_status":"closed","sticky":false,"template":"","format":"standard","meta":{"om_disable_all_campaigns":false,"_monsterinsights_skip_tracking":false,"_monsterinsights_sitenote_active":false,"_monsterinsights_sitenote_note":"","_monsterinsights_sitenote_category":0,"footnotes":""},"categories":[75,152,743,869,344],"tags":[],"class_list":["post-187198","post","type-post","status-publish","format-standard","hentry","category-calcio","category-milan","category-notizie","category-sassuolo","category-serie-a"],"aioseo_notices":[],"_links":{"self":[{"href":"https:\/\/nugnes.com\/index.php?rest_route=\/wp\/v2\/posts\/187198","targetHints":{"allow":["GET"]}}],"collection":[{"href":"https:\/\/nugnes.com\/index.php?rest_route=\/wp\/v2\/posts"}],"about":[{"href":"https:\/\/nugnes.com\/index.php?rest_route=\/wp\/v2\/types\/post"}],"author":[{"embeddable":true,"href":"https:\/\/nugnes.com\/index.php?rest_route=\/wp\/v2\/users\/116"}],"replies":[{"embeddable":true,"href":"https:\/\/nugnes.com\/index.php?rest_route=%2Fwp%2Fv2%2Fcomments&post=187198"}],"version-history":[{"count":1,"href":"https:\/\/nugnes.com\/index.php?rest_route=\/wp\/v2\/posts\/187198\/revisions"}],"predecessor-version":[{"id":187199,"href":"https:\/\/nugnes.com\/index.php?rest_route=\/wp\/v2\/posts\/187198\/revisions\/187199"}],"wp:attachment":[{"href":"https:\/\/nugnes.com\/index.php?rest_route=%2Fwp%2Fv2%2Fmedia&parent=187198"}],"wp:term":[{"taxonomy":"category","embeddable":true,"href":"https:\/\/nugnes.com\/index.php?rest_route=%2Fwp%2Fv2%2Fcategories&post=187198"},{"taxonomy":"post_tag","embeddable":true,"href":"https:\/\/nugnes.com\/index.php?rest_route=%2Fwp%2Fv2%2Ftags&post=187198"}],"curies":[{"name":"wp","href":"https:\/\/api.w.org\/{rel}","templated":true}]}}