{"id":195550,"date":"2021-05-07T06:53:34","date_gmt":"2021-05-07T06:53:34","guid":{"rendered":"https:\/\/www.fanpage.it\/?p=1431540"},"modified":"2021-05-07T06:53:34","modified_gmt":"2021-05-07T06:53:34","slug":"linfettivologo-galli-sacco-spiega-perche-si-dovrebbe-mantenere-il-coprifuoco-serale","status":"publish","type":"post","link":"https:\/\/nugnes.com\/?p=195550","title":{"rendered":"L\u2019infettivologo Galli (Sacco) spiega perch\u00e9 si dovrebbe mantenere il coprifuoco serale"},"content":{"rendered":"<img src=\"https:\/\/static.fanpage.it\/wp-content\/uploads\/2020\/10\/Milans-Luigi-Sacco-hospital-Massimo-Galli--638x425.jpg\" \/><br \/>Massimo Galli, infettivologo dell'ospedale Sacco di Milano, ha spiegato l'importanza di mantenere il coprifuoco serale: \"Mi rendo conto che ci sono le esigenze di coloro che nel periodo serale hanno la loro attivit\u00e0 economica principale, ma in chiave strettamente epidemiologica c'\u00e8 necessit\u00e0 di capire dove \u00e8 possibile limitare i contatti tra persone e di conseguenza la diffusione del virus\".<br \/><a href=\"https:\/\/www.fanpage.it\/attualita\/linfettivologo-galli-sacco-spiega-perche-si-dovrebbe-mantenere-il-coprifuoco-serale\/\">Continua a leggere<\/a>","protected":false},"excerpt":{"rendered":"<p>Massimo Galli, infettivologo dell&#8217;ospedale Sacco di Milano, ha spiegato l&#8217;importanza di mantenere il coprifuoco serale: &#8220;Mi rendo conto che ci sono le esigenze di coloro che nel periodo serale hanno la loro attivit\u00e0 economica principale, ma in chiave s&#8230;<\/p>\n","protected":false},"author":102,"featured_media":0,"comment_status":"closed","ping_status":"closed","sticky":false,"template":"","format":"standard","meta":{"om_disable_all_campaigns":false,"_monsterinsights_skip_tracking":false,"_monsterinsights_sitenote_active":false,"_monsterinsights_sitenote_note":"","_monsterinsights_sitenote_category":0,"footnotes":""},"categories":[745],"tags":[],"class_list":["post-195550","post","type-post","status-publish","format-standard","hentry","category-attualita"],"aioseo_notices":[],"_links":{"self":[{"href":"https:\/\/nugnes.com\/index.php?rest_route=\/wp\/v2\/posts\/195550","targetHints":{"allow":["GET"]}}],"collection":[{"href":"https:\/\/nugnes.com\/index.php?rest_route=\/wp\/v2\/posts"}],"about":[{"href":"https:\/\/nugnes.com\/index.php?rest_route=\/wp\/v2\/types\/post"}],"author":[{"embeddable":true,"href":"https:\/\/nugnes.com\/index.php?rest_route=\/wp\/v2\/users\/102"}],"replies":[{"embeddable":true,"href":"https:\/\/nugnes.com\/index.php?rest_route=%2Fwp%2Fv2%2Fcomments&post=195550"}],"version-history":[{"count":1,"href":"https:\/\/nugnes.com\/index.php?rest_route=\/wp\/v2\/posts\/195550\/revisions"}],"predecessor-version":[{"id":195551,"href":"https:\/\/nugnes.com\/index.php?rest_route=\/wp\/v2\/posts\/195550\/revisions\/195551"}],"wp:attachment":[{"href":"https:\/\/nugnes.com\/index.php?rest_route=%2Fwp%2Fv2%2Fmedia&parent=195550"}],"wp:term":[{"taxonomy":"category","embeddable":true,"href":"https:\/\/nugnes.com\/index.php?rest_route=%2Fwp%2Fv2%2Fcategories&post=195550"},{"taxonomy":"post_tag","embeddable":true,"href":"https:\/\/nugnes.com\/index.php?rest_route=%2Fwp%2Fv2%2Ftags&post=195550"}],"curies":[{"name":"wp","href":"https:\/\/api.w.org\/{rel}","templated":true}]}}