{"id":198476,"date":"2021-05-12T19:04:28","date_gmt":"2021-05-12T19:04:28","guid":{"rendered":"https:\/\/www.fanpage.it\/milano\/?p=81992"},"modified":"2021-05-12T19:04:28","modified_gmt":"2021-05-12T19:04:28","slug":"vaccini-covid-per-il-momento-in-lombardia-non-si-potra-spostare-la-data-della-seconda-dose","status":"publish","type":"post","link":"https:\/\/nugnes.com\/?p=198476","title":{"rendered":"Vaccini Covid, per il momento in Lombardia non si potr\u00e0 spostare la data della seconda dose"},"content":{"rendered":"<img src=\"https:\/\/static.fanpage.it\/wp-content\/uploads\/sites\/29\/2021\/04\/Vaccino-covid-infermiera-1618997309227-638x425.jpg\" \/><br \/>Per il momento in Lombardia non sar\u00e0 consentito spostare la data del richiamo della vaccinazione anti-Covid. A confermarlo \u00e8 stato il direttore generale al Welfare di Regione Lombardia, Giovanni Pavesi, durante la commissione sanit\u00e0: \"In linea di principio, al momento, non autorizziamo la modifica della data di somministrazione della seconda dose\". La discussione \u00e8 stata resa necessaria dall'aumento delle richieste da parte dei cittadini in vista delle vacanze estive.<br \/><a href=\"https:\/\/www.fanpage.it\/milano\/vaccini-covid-per-il-momento-in-lombardia-non-si-potra-spostare-la-data-della-seconda-dose\/\">Continua a leggere<\/a>","protected":false},"excerpt":{"rendered":"<p>Per il momento in Lombardia non sar\u00e0 consentito spostare la data del richiamo della vaccinazione anti-Covid. A confermarlo \u00e8 stato il direttore generale al Welfare di Regione Lombardia, Giovanni Pavesi, durante la commissione sanit\u00e0: &#8220;In linea di princ&#8230;<\/p>\n","protected":false},"author":208,"featured_media":0,"comment_status":"closed","ping_status":"closed","sticky":false,"template":"","format":"standard","meta":{"om_disable_all_campaigns":false,"_monsterinsights_skip_tracking":false,"_monsterinsights_sitenote_active":false,"_monsterinsights_sitenote_note":"","_monsterinsights_sitenote_category":0,"footnotes":""},"categories":[745,236],"tags":[],"class_list":["post-198476","post","type-post","status-publish","format-standard","hentry","category-attualita","category-lombardia"],"aioseo_notices":[],"_links":{"self":[{"href":"https:\/\/nugnes.com\/index.php?rest_route=\/wp\/v2\/posts\/198476","targetHints":{"allow":["GET"]}}],"collection":[{"href":"https:\/\/nugnes.com\/index.php?rest_route=\/wp\/v2\/posts"}],"about":[{"href":"https:\/\/nugnes.com\/index.php?rest_route=\/wp\/v2\/types\/post"}],"author":[{"embeddable":true,"href":"https:\/\/nugnes.com\/index.php?rest_route=\/wp\/v2\/users\/208"}],"replies":[{"embeddable":true,"href":"https:\/\/nugnes.com\/index.php?rest_route=%2Fwp%2Fv2%2Fcomments&post=198476"}],"version-history":[{"count":1,"href":"https:\/\/nugnes.com\/index.php?rest_route=\/wp\/v2\/posts\/198476\/revisions"}],"predecessor-version":[{"id":198477,"href":"https:\/\/nugnes.com\/index.php?rest_route=\/wp\/v2\/posts\/198476\/revisions\/198477"}],"wp:attachment":[{"href":"https:\/\/nugnes.com\/index.php?rest_route=%2Fwp%2Fv2%2Fmedia&parent=198476"}],"wp:term":[{"taxonomy":"category","embeddable":true,"href":"https:\/\/nugnes.com\/index.php?rest_route=%2Fwp%2Fv2%2Fcategories&post=198476"},{"taxonomy":"post_tag","embeddable":true,"href":"https:\/\/nugnes.com\/index.php?rest_route=%2Fwp%2Fv2%2Ftags&post=198476"}],"curies":[{"name":"wp","href":"https:\/\/api.w.org\/{rel}","templated":true}]}}