{"id":198478,"date":"2021-05-12T18:58:22","date_gmt":"2021-05-12T18:58:22","guid":{"rendered":"https:\/\/www.fanpage.it\/sport\/?p=1446516"},"modified":"2021-05-12T18:58:22","modified_gmt":"2021-05-12T18:58:22","slug":"marotta-alza-la-voce-si-enfatizzano-i-problemi-dellinter-ma-il-momento-e-difficile-per-tutti","status":"publish","type":"post","link":"https:\/\/nugnes.com\/?p=198478","title":{"rendered":"Marotta alza la voce: \u201cSi enfatizzano i problemi dell\u2019Inter ma il momento \u00e8 difficile per tutti\u201d"},"content":{"rendered":"<img src=\"https:\/\/static.fanpage.it\/wp-content\/uploads\/sites\/27\/2021\/05\/marotta-inter-638x425.jpg\" \/><br \/>Beppe Marotta fa il punto della situazione in casa Inter sul fronte economico, in seguito al confronto interno nel quale la societ\u00e0 ha chiesto un sacrificio ai calciatori: la rinuncia a due mensilit\u00e0. \"Non siamo in una situazione cos\u00ec disastrosa, l'Inter onorer\u00e0 fino in fondo i propri impegni\".<br \/><a href=\"https:\/\/www.fanpage.it\/sport\/calcio\/marotta-alza-la-voce-si-enfatizzano-i-problemi-dellinter-ma-il-momento-e-difficile-per-tutti\/\">Continua a leggere<\/a>","protected":false},"excerpt":{"rendered":"<p>Beppe Marotta fa il punto della situazione in casa Inter sul fronte economico, in seguito al confronto interno nel quale la societ\u00e0 ha chiesto un sacrificio ai calciatori: la rinuncia a due mensilit\u00e0. &#8220;Non siamo in una situazione cos\u00ec disastrosa, l&#8217;Int&#8230;<\/p>\n","protected":false},"author":78,"featured_media":0,"comment_status":"closed","ping_status":"closed","sticky":false,"template":"","format":"standard","meta":{"om_disable_all_campaigns":false,"_monsterinsights_skip_tracking":false,"_monsterinsights_sitenote_active":false,"_monsterinsights_sitenote_note":"","_monsterinsights_sitenote_category":0,"footnotes":""},"categories":[75,292,743,344],"tags":[],"class_list":["post-198478","post","type-post","status-publish","format-standard","hentry","category-calcio","category-inter","category-notizie","category-serie-a"],"aioseo_notices":[],"_links":{"self":[{"href":"https:\/\/nugnes.com\/index.php?rest_route=\/wp\/v2\/posts\/198478","targetHints":{"allow":["GET"]}}],"collection":[{"href":"https:\/\/nugnes.com\/index.php?rest_route=\/wp\/v2\/posts"}],"about":[{"href":"https:\/\/nugnes.com\/index.php?rest_route=\/wp\/v2\/types\/post"}],"author":[{"embeddable":true,"href":"https:\/\/nugnes.com\/index.php?rest_route=\/wp\/v2\/users\/78"}],"replies":[{"embeddable":true,"href":"https:\/\/nugnes.com\/index.php?rest_route=%2Fwp%2Fv2%2Fcomments&post=198478"}],"version-history":[{"count":1,"href":"https:\/\/nugnes.com\/index.php?rest_route=\/wp\/v2\/posts\/198478\/revisions"}],"predecessor-version":[{"id":198479,"href":"https:\/\/nugnes.com\/index.php?rest_route=\/wp\/v2\/posts\/198478\/revisions\/198479"}],"wp:attachment":[{"href":"https:\/\/nugnes.com\/index.php?rest_route=%2Fwp%2Fv2%2Fmedia&parent=198478"}],"wp:term":[{"taxonomy":"category","embeddable":true,"href":"https:\/\/nugnes.com\/index.php?rest_route=%2Fwp%2Fv2%2Fcategories&post=198478"},{"taxonomy":"post_tag","embeddable":true,"href":"https:\/\/nugnes.com\/index.php?rest_route=%2Fwp%2Fv2%2Ftags&post=198478"}],"curies":[{"name":"wp","href":"https:\/\/api.w.org\/{rel}","templated":true}]}}