{"id":198579,"date":"2021-05-13T05:49:05","date_gmt":"2021-05-13T05:49:05","guid":{"rendered":"https:\/\/www.fanpage.it\/?p=1434982"},"modified":"2021-05-13T05:49:05","modified_gmt":"2021-05-13T05:49:05","slug":"quali-regioni-cambieranno-colore-dopo-il-monitoraggio-iss-di-domani","status":"publish","type":"post","link":"https:\/\/nugnes.com\/?p=198579","title":{"rendered":"Quali Regioni cambieranno colore dopo il monitoraggio Iss di domani"},"content":{"rendered":"<img src=\"https:\/\/static.fanpage.it\/wp-content\/uploads\/2020\/12\/ITALIA-GIALLA-ARTICOLO-638x425.jpg\" \/><br \/>Il monitoraggio Iss di domani indicher\u00e0 quali Regioni dovranno cambiare colore a partire da luned\u00ec 17 maggio. Il ministro Speranza, una volta avuti i dati, firmer\u00e0 delle eventuali ordinanze nel pomeriggio di domani. Solo una Regione dovrebbe rimanere in zona arancione, tutte le altre sarebbero in zona gialla. Ma attenzione all'indice Rt, che rischia di spostare qualche Regione in zona arancione.<br \/><a href=\"https:\/\/www.fanpage.it\/politica\/quali-regioni-cambieranno-colore-dopo-il-monitoraggio-iss-di-domani\/\">Continua a leggere<\/a>","protected":false},"excerpt":{"rendered":"<p>Il monitoraggio Iss di domani indicher\u00e0 quali Regioni dovranno cambiare colore a partire da luned\u00ec 17 maggio. Il ministro Speranza, una volta avuti i dati, firmer\u00e0 delle eventuali ordinanze nel pomeriggio di domani. Solo una Regione dovrebbe rimanere i&#8230;<\/p>\n","protected":false},"author":187,"featured_media":0,"comment_status":"closed","ping_status":"closed","sticky":false,"template":"","format":"standard","meta":{"om_disable_all_campaigns":false,"_monsterinsights_skip_tracking":false,"_monsterinsights_sitenote_active":false,"_monsterinsights_sitenote_note":"","_monsterinsights_sitenote_category":0,"footnotes":""},"categories":[748],"tags":[],"class_list":["post-198579","post","type-post","status-publish","format-standard","hentry","category-politica-italiana"],"aioseo_notices":[],"_links":{"self":[{"href":"https:\/\/nugnes.com\/index.php?rest_route=\/wp\/v2\/posts\/198579","targetHints":{"allow":["GET"]}}],"collection":[{"href":"https:\/\/nugnes.com\/index.php?rest_route=\/wp\/v2\/posts"}],"about":[{"href":"https:\/\/nugnes.com\/index.php?rest_route=\/wp\/v2\/types\/post"}],"author":[{"embeddable":true,"href":"https:\/\/nugnes.com\/index.php?rest_route=\/wp\/v2\/users\/187"}],"replies":[{"embeddable":true,"href":"https:\/\/nugnes.com\/index.php?rest_route=%2Fwp%2Fv2%2Fcomments&post=198579"}],"version-history":[{"count":1,"href":"https:\/\/nugnes.com\/index.php?rest_route=\/wp\/v2\/posts\/198579\/revisions"}],"predecessor-version":[{"id":198580,"href":"https:\/\/nugnes.com\/index.php?rest_route=\/wp\/v2\/posts\/198579\/revisions\/198580"}],"wp:attachment":[{"href":"https:\/\/nugnes.com\/index.php?rest_route=%2Fwp%2Fv2%2Fmedia&parent=198579"}],"wp:term":[{"taxonomy":"category","embeddable":true,"href":"https:\/\/nugnes.com\/index.php?rest_route=%2Fwp%2Fv2%2Fcategories&post=198579"},{"taxonomy":"post_tag","embeddable":true,"href":"https:\/\/nugnes.com\/index.php?rest_route=%2Fwp%2Fv2%2Ftags&post=198579"}],"curies":[{"name":"wp","href":"https:\/\/api.w.org\/{rel}","templated":true}]}}