{"id":205180,"date":"2021-05-25T20:05:02","date_gmt":"2021-05-25T20:05:02","guid":{"rendered":"https:\/\/www.fanpage.it\/?p=1442542"},"modified":"2021-05-25T20:05:02","modified_gmt":"2021-05-25T20:05:02","slug":"il-generale-figliuolo-dice-che-a-settembre-saremo-tutti-vaccinati","status":"publish","type":"post","link":"https:\/\/nugnes.com\/?p=205180","title":{"rendered":"Il generale Figliuolo dice che a settembre saremo tutti vaccinati"},"content":{"rendered":"<img src=\"https:\/\/static.fanpage.it\/wp-content\/uploads\/2021\/03\/Figliuolo-300x225.jpg\" \/><br \/>Il commissario straordinario all'emergenza Covid annuncia che \"saremo tutti vaccinati entro settembre\". Figliuolo, intervenuto a DiMarted\u00ec, dice di non essere contrario a priori alla vaccinazione in vacanza, ma di voler evitare \"transumanze di vaccini e vaccinatori dove ci sono presidi piccoli\". Ora l'obiettivo \u00e8 terminare la vaccinazione dei fragili, poi si andr\u00e0 sulle fasce pi\u00f9 giovani della popolazione.<br \/><a href=\"https:\/\/www.fanpage.it\/politica\/il-generale-figliuolo-dice-che-a-settembre-saremo-tutti-vaccinati\/\">Continua a leggere<\/a>","protected":false},"excerpt":{"rendered":"<p>Il commissario straordinario all&#8217;emergenza Covid annuncia che &#8220;saremo tutti vaccinati entro settembre&#8221;. Figliuolo, intervenuto a DiMarted\u00ec, dice di non essere contrario a priori alla vaccinazione in vacanza, ma di voler evitare &#8220;transumanze di vaccini &#8230;<\/p>\n","protected":false},"author":187,"featured_media":0,"comment_status":"closed","ping_status":"closed","sticky":false,"template":"","format":"standard","meta":{"om_disable_all_campaigns":false,"_monsterinsights_skip_tracking":false,"_monsterinsights_sitenote_active":false,"_monsterinsights_sitenote_note":"","_monsterinsights_sitenote_category":0,"footnotes":""},"categories":[748],"tags":[],"class_list":["post-205180","post","type-post","status-publish","format-standard","hentry","category-politica-italiana"],"aioseo_notices":[],"_links":{"self":[{"href":"https:\/\/nugnes.com\/index.php?rest_route=\/wp\/v2\/posts\/205180","targetHints":{"allow":["GET"]}}],"collection":[{"href":"https:\/\/nugnes.com\/index.php?rest_route=\/wp\/v2\/posts"}],"about":[{"href":"https:\/\/nugnes.com\/index.php?rest_route=\/wp\/v2\/types\/post"}],"author":[{"embeddable":true,"href":"https:\/\/nugnes.com\/index.php?rest_route=\/wp\/v2\/users\/187"}],"replies":[{"embeddable":true,"href":"https:\/\/nugnes.com\/index.php?rest_route=%2Fwp%2Fv2%2Fcomments&post=205180"}],"version-history":[{"count":1,"href":"https:\/\/nugnes.com\/index.php?rest_route=\/wp\/v2\/posts\/205180\/revisions"}],"predecessor-version":[{"id":205181,"href":"https:\/\/nugnes.com\/index.php?rest_route=\/wp\/v2\/posts\/205180\/revisions\/205181"}],"wp:attachment":[{"href":"https:\/\/nugnes.com\/index.php?rest_route=%2Fwp%2Fv2%2Fmedia&parent=205180"}],"wp:term":[{"taxonomy":"category","embeddable":true,"href":"https:\/\/nugnes.com\/index.php?rest_route=%2Fwp%2Fv2%2Fcategories&post=205180"},{"taxonomy":"post_tag","embeddable":true,"href":"https:\/\/nugnes.com\/index.php?rest_route=%2Fwp%2Fv2%2Ftags&post=205180"}],"curies":[{"name":"wp","href":"https:\/\/api.w.org\/{rel}","templated":true}]}}