{"id":205192,"date":"2021-05-25T19:43:15","date_gmt":"2021-05-25T19:43:15","guid":{"rendered":"https:\/\/www.fanpage.it\/sport\/?p=1455861"},"modified":"2021-05-25T19:43:15","modified_gmt":"2021-05-25T19:43:15","slug":"buffon-sulladdio-alla-juventus-a-volte-bisogna-fare-un-passo-indietro-futuro-non-ho-fretta","status":"publish","type":"post","link":"https:\/\/nugnes.com\/?p=205192","title":{"rendered":"Buffon sull\u2019addio alla Juventus: \u201cA volte bisogna fare un passo indietro. Futuro? Non ho fretta\u201d"},"content":{"rendered":"<img src=\"https:\/\/static.fanpage.it\/wp-content\/uploads\/sites\/27\/2021\/05\/GettyImages-1319651337-638x425.jpg\" \/><br \/>La partita del cuore in scena all'Allianz Stadium \u00e8 stata anche l'occasione per parlare del futuro di Gigi Buffon che ha da poco annunciato il suo addio alla Juventus, ma non ha ancora sciolto i dubbi su ci\u00f2 che far\u00e0 dalla prossima stagione: se decider\u00e0 cio\u00e8 di ritirarsi oppure continuare a giocare a dispetto dei 42 anni.\u00a0 Il portiere bianconero ha spiegato il motivo che lo ha spinto a salutare (nuovamente) la squadra con cui ha vissuto la parte pi\u00f9 lunga della sua longeva carriera e di cui \u00e8 diventato un'icona: \"Ci sono momenti in cui bisogna fare un passo indietro piuttosto che farne uno rischioso in avanti. Giocare ancora? Non ho fretta di decidere\"<br \/><a href=\"https:\/\/www.fanpage.it\/sport\/calcio\/buffon-sulladdio-alla-juventus-a-volte-bisogna-fare-un-passo-indietro-futuro-non-ho-fretta\/\">Continua a leggere<\/a>","protected":false},"excerpt":{"rendered":"<p>La partita del cuore in scena all&#8217;Allianz Stadium \u00e8 stata anche l&#8217;occasione per parlare del futuro di Gigi Buffon che ha da poco annunciato il suo addio alla Juventus, ma non ha ancora sciolto i dubbi su ci\u00f2 che far\u00e0 dalla prossima stagione: se decider&#8230;<\/p>\n","protected":false},"author":178,"featured_media":0,"comment_status":"closed","ping_status":"closed","sticky":false,"template":"","format":"standard","meta":{"om_disable_all_campaigns":false,"_monsterinsights_skip_tracking":false,"_monsterinsights_sitenote_active":false,"_monsterinsights_sitenote_note":"","_monsterinsights_sitenote_category":0,"footnotes":""},"categories":[75,150,743,344],"tags":[],"class_list":["post-205192","post","type-post","status-publish","format-standard","hentry","category-calcio","category-juventus","category-notizie","category-serie-a"],"aioseo_notices":[],"_links":{"self":[{"href":"https:\/\/nugnes.com\/index.php?rest_route=\/wp\/v2\/posts\/205192","targetHints":{"allow":["GET"]}}],"collection":[{"href":"https:\/\/nugnes.com\/index.php?rest_route=\/wp\/v2\/posts"}],"about":[{"href":"https:\/\/nugnes.com\/index.php?rest_route=\/wp\/v2\/types\/post"}],"author":[{"embeddable":true,"href":"https:\/\/nugnes.com\/index.php?rest_route=\/wp\/v2\/users\/178"}],"replies":[{"embeddable":true,"href":"https:\/\/nugnes.com\/index.php?rest_route=%2Fwp%2Fv2%2Fcomments&post=205192"}],"version-history":[{"count":1,"href":"https:\/\/nugnes.com\/index.php?rest_route=\/wp\/v2\/posts\/205192\/revisions"}],"predecessor-version":[{"id":205193,"href":"https:\/\/nugnes.com\/index.php?rest_route=\/wp\/v2\/posts\/205192\/revisions\/205193"}],"wp:attachment":[{"href":"https:\/\/nugnes.com\/index.php?rest_route=%2Fwp%2Fv2%2Fmedia&parent=205192"}],"wp:term":[{"taxonomy":"category","embeddable":true,"href":"https:\/\/nugnes.com\/index.php?rest_route=%2Fwp%2Fv2%2Fcategories&post=205192"},{"taxonomy":"post_tag","embeddable":true,"href":"https:\/\/nugnes.com\/index.php?rest_route=%2Fwp%2Fv2%2Ftags&post=205192"}],"curies":[{"name":"wp","href":"https:\/\/api.w.org\/{rel}","templated":true}]}}