{"id":205399,"date":"2021-05-26T09:36:08","date_gmt":"2021-05-26T09:36:08","guid":{"rendered":"https:\/\/www.fanpage.it\/roma\/?p=550710"},"modified":"2021-05-26T09:36:08","modified_gmt":"2021-05-26T09:36:08","slug":"dramma-questa-mattina-sulla-via-casilina-scontro-tra-due-auto-morta-una-persona-un-ferito-grave","status":"publish","type":"post","link":"https:\/\/nugnes.com\/?p=205399","title":{"rendered":"Dramma questa mattina sulla via Casilina, scontro tra due auto: morta una persona, un ferito grave"},"content":{"rendered":"<img src=\"https:\/\/static.fanpage.it\/wp-content\/uploads\/sites\/2\/2019\/12\/incidente-auto-scontro-schianto-frontale-autoveicolo-autovettura-tamponamento-guard-rail-frontale-sinistro-ribaltamento-4-300x225.jpg\" \/><br \/>Tragedia questa mattina alle 7.30, su via Casilina, tra Colleferro e Paliano. Due macchine si sono scontrate per cause ancora da accertare al km 56, una di queste si \u00e8 ribaltata completamente al centro della carreggiata. Una persona \u00e8 morta, mentre un'altra \u00e8 rimasta gravemente ferita a causa dell'impatto.<br \/><a href=\"https:\/\/www.fanpage.it\/roma\/dramma-questa-mattina-sulla-via-casilina-scontro-tra-due-auto-morta-una-persona-un-ferito-grave\/\">Continua a leggere<\/a>","protected":false},"excerpt":{"rendered":"<p>Tragedia questa mattina alle 7.30, su via Casilina, tra Colleferro e Paliano. Due macchine si sono scontrate per cause ancora da accertare al km 56, una di queste si \u00e8 ribaltata completamente al centro della carreggiata. Una persona \u00e8 morta, mentre un&#8217;&#8230;<\/p>\n","protected":false},"author":114,"featured_media":0,"comment_status":"closed","ping_status":"closed","sticky":false,"template":"","format":"standard","meta":{"om_disable_all_campaigns":false,"_monsterinsights_skip_tracking":false,"_monsterinsights_sitenote_active":false,"_monsterinsights_sitenote_note":"","_monsterinsights_sitenote_category":0,"footnotes":""},"categories":[1137],"tags":[],"class_list":["post-205399","post","type-post","status-publish","format-standard","hentry","category-incidenti-stradali"],"aioseo_notices":[],"_links":{"self":[{"href":"https:\/\/nugnes.com\/index.php?rest_route=\/wp\/v2\/posts\/205399","targetHints":{"allow":["GET"]}}],"collection":[{"href":"https:\/\/nugnes.com\/index.php?rest_route=\/wp\/v2\/posts"}],"about":[{"href":"https:\/\/nugnes.com\/index.php?rest_route=\/wp\/v2\/types\/post"}],"author":[{"embeddable":true,"href":"https:\/\/nugnes.com\/index.php?rest_route=\/wp\/v2\/users\/114"}],"replies":[{"embeddable":true,"href":"https:\/\/nugnes.com\/index.php?rest_route=%2Fwp%2Fv2%2Fcomments&post=205399"}],"version-history":[{"count":1,"href":"https:\/\/nugnes.com\/index.php?rest_route=\/wp\/v2\/posts\/205399\/revisions"}],"predecessor-version":[{"id":205400,"href":"https:\/\/nugnes.com\/index.php?rest_route=\/wp\/v2\/posts\/205399\/revisions\/205400"}],"wp:attachment":[{"href":"https:\/\/nugnes.com\/index.php?rest_route=%2Fwp%2Fv2%2Fmedia&parent=205399"}],"wp:term":[{"taxonomy":"category","embeddable":true,"href":"https:\/\/nugnes.com\/index.php?rest_route=%2Fwp%2Fv2%2Fcategories&post=205399"},{"taxonomy":"post_tag","embeddable":true,"href":"https:\/\/nugnes.com\/index.php?rest_route=%2Fwp%2Fv2%2Ftags&post=205399"}],"curies":[{"name":"wp","href":"https:\/\/api.w.org\/{rel}","templated":true}]}}