{"id":205411,"date":"2021-05-26T09:10:05","date_gmt":"2021-05-26T09:10:05","guid":{"rendered":"https:\/\/www.fanpage.it\/?p=1442677"},"modified":"2021-05-26T09:10:05","modified_gmt":"2021-05-26T09:10:05","slug":"perche-a-settembre-non-saremo-tutti-vaccinati-come-dice-figliuolo","status":"publish","type":"post","link":"https:\/\/nugnes.com\/?p=205411","title":{"rendered":"Perch\u00e9 a settembre non saremo tutti vaccinati come dice Figliuolo"},"content":{"rendered":"<img src=\"https:\/\/static.fanpage.it\/wp-content\/uploads\/2021\/05\/figliuolo-1-300x225.jpg\" \/><br \/>Secondo il generale Figliuolo, entro settembre saremo tutti vaccinati. Ma facendo un po' di calcoli e considerando il ritmo a cui stiamo procedendo ora, le cose non sembrano stare proprio cos\u00ec. \u00c8 probabile che entro i primi dieci giorni di settembre si raggiunga l'immunit\u00e0 di gregge al 70% (a cui il governo prevedeva inizialmente di arrivare gi\u00e0 ad agosto), ma non tutti avremo ricevuto il vaccino. Senza contare poi che, con l'estate di mezzo e in mancanza ancora di un accordo per potersi vaccinare anche in un'altra Regione, la campagna potrebbe anche subire dei rallentamenti.<br \/><a href=\"https:\/\/www.fanpage.it\/politica\/perche-a-settembre-non-saremo-tutti-vaccinati-come-dice-figliuolo\/\">Continua a leggere<\/a>","protected":false},"excerpt":{"rendered":"<p>Secondo il generale Figliuolo, entro settembre saremo tutti vaccinati. Ma facendo un po&#8217; di calcoli e considerando il ritmo a cui stiamo procedendo ora, le cose non sembrano stare proprio cos\u00ec. \u00c8 probabile che entro i primi dieci giorni di settembre si&#8230;<\/p>\n","protected":false},"author":104,"featured_media":0,"comment_status":"closed","ping_status":"closed","sticky":false,"template":"","format":"standard","meta":{"om_disable_all_campaigns":false,"_monsterinsights_skip_tracking":false,"_monsterinsights_sitenote_active":false,"_monsterinsights_sitenote_note":"","_monsterinsights_sitenote_category":0,"footnotes":""},"categories":[748],"tags":[],"class_list":["post-205411","post","type-post","status-publish","format-standard","hentry","category-politica-italiana"],"aioseo_notices":[],"_links":{"self":[{"href":"https:\/\/nugnes.com\/index.php?rest_route=\/wp\/v2\/posts\/205411","targetHints":{"allow":["GET"]}}],"collection":[{"href":"https:\/\/nugnes.com\/index.php?rest_route=\/wp\/v2\/posts"}],"about":[{"href":"https:\/\/nugnes.com\/index.php?rest_route=\/wp\/v2\/types\/post"}],"author":[{"embeddable":true,"href":"https:\/\/nugnes.com\/index.php?rest_route=\/wp\/v2\/users\/104"}],"replies":[{"embeddable":true,"href":"https:\/\/nugnes.com\/index.php?rest_route=%2Fwp%2Fv2%2Fcomments&post=205411"}],"version-history":[{"count":1,"href":"https:\/\/nugnes.com\/index.php?rest_route=\/wp\/v2\/posts\/205411\/revisions"}],"predecessor-version":[{"id":205412,"href":"https:\/\/nugnes.com\/index.php?rest_route=\/wp\/v2\/posts\/205411\/revisions\/205412"}],"wp:attachment":[{"href":"https:\/\/nugnes.com\/index.php?rest_route=%2Fwp%2Fv2%2Fmedia&parent=205411"}],"wp:term":[{"taxonomy":"category","embeddable":true,"href":"https:\/\/nugnes.com\/index.php?rest_route=%2Fwp%2Fv2%2Fcategories&post=205411"},{"taxonomy":"post_tag","embeddable":true,"href":"https:\/\/nugnes.com\/index.php?rest_route=%2Fwp%2Fv2%2Ftags&post=205411"}],"curies":[{"name":"wp","href":"https:\/\/api.w.org\/{rel}","templated":true}]}}