{"id":207711,"date":"2021-05-30T21:27:54","date_gmt":"2021-05-30T21:27:54","guid":{"rendered":"https:\/\/www.fanpage.it\/sport\/?p=1459557"},"modified":"2021-05-30T21:27:54","modified_gmt":"2021-05-30T21:27:54","slug":"gioca-perche-e-amico-di-pirlo-buffon-svela-i-motivi-delladdio-alla-juventus","status":"publish","type":"post","link":"https:\/\/nugnes.com\/?p=207711","title":{"rendered":"\u201cGioca perch\u00e9 \u00e8 amico di Pirlo\u201d: Buffon svela i motivi dell\u2019addio alla Juventus"},"content":{"rendered":"<img src=\"https:\/\/static.fanpage.it\/wp-content\/uploads\/sites\/27\/2021\/05\/GettyImages-1318903557-638x425.jpg\" \/><br \/>Gigi Buffon ha parlato nel corso di una lunga intervista JTV della sua esperienza con la maglia della Juventus. Il portiere, campione del mondo con l'Italia nel 2006, ha lasciato il club bianconero dopo 19 anni. \"Cardiff \u00e8 stato il momento pi\u00f9 doloroso e il primo Scudetto con Conte il pi\u00f9 felice\". E poi ha spiegato i motivi del suo addio: \"Qualcuno ha dubitato di me, per questo ho lasciato\".<br \/><a href=\"https:\/\/www.fanpage.it\/sport\/calcio\/gioca-perche-e-amico-di-pirlo-buffon-svela-i-motivi-delladdio-alla-juventus\/\">Continua a leggere<\/a>","protected":false},"excerpt":{"rendered":"<p>Gigi Buffon ha parlato nel corso di una lunga intervista JTV della sua esperienza con la maglia della Juventus. Il portiere, campione del mondo con l&#8217;Italia nel 2006, ha lasciato il club bianconero dopo 19 anni. &#8220;Cardiff \u00e8 stato il momento pi\u00f9 doloroso&#8230;<\/p>\n","protected":false},"author":191,"featured_media":0,"comment_status":"closed","ping_status":"closed","sticky":false,"template":"","format":"standard","meta":{"om_disable_all_campaigns":false,"_monsterinsights_skip_tracking":false,"_monsterinsights_sitenote_active":false,"_monsterinsights_sitenote_note":"","_monsterinsights_sitenote_category":0,"footnotes":""},"categories":[75,150,743,344],"tags":[],"class_list":["post-207711","post","type-post","status-publish","format-standard","hentry","category-calcio","category-juventus","category-notizie","category-serie-a"],"aioseo_notices":[],"_links":{"self":[{"href":"https:\/\/nugnes.com\/index.php?rest_route=\/wp\/v2\/posts\/207711","targetHints":{"allow":["GET"]}}],"collection":[{"href":"https:\/\/nugnes.com\/index.php?rest_route=\/wp\/v2\/posts"}],"about":[{"href":"https:\/\/nugnes.com\/index.php?rest_route=\/wp\/v2\/types\/post"}],"author":[{"embeddable":true,"href":"https:\/\/nugnes.com\/index.php?rest_route=\/wp\/v2\/users\/191"}],"replies":[{"embeddable":true,"href":"https:\/\/nugnes.com\/index.php?rest_route=%2Fwp%2Fv2%2Fcomments&post=207711"}],"version-history":[{"count":1,"href":"https:\/\/nugnes.com\/index.php?rest_route=\/wp\/v2\/posts\/207711\/revisions"}],"predecessor-version":[{"id":207712,"href":"https:\/\/nugnes.com\/index.php?rest_route=\/wp\/v2\/posts\/207711\/revisions\/207712"}],"wp:attachment":[{"href":"https:\/\/nugnes.com\/index.php?rest_route=%2Fwp%2Fv2%2Fmedia&parent=207711"}],"wp:term":[{"taxonomy":"category","embeddable":true,"href":"https:\/\/nugnes.com\/index.php?rest_route=%2Fwp%2Fv2%2Fcategories&post=207711"},{"taxonomy":"post_tag","embeddable":true,"href":"https:\/\/nugnes.com\/index.php?rest_route=%2Fwp%2Fv2%2Ftags&post=207711"}],"curies":[{"name":"wp","href":"https:\/\/api.w.org\/{rel}","templated":true}]}}