{"id":209927,"date":"2021-06-04T08:40:16","date_gmt":"2021-06-04T08:40:16","guid":{"rendered":"https:\/\/www.fanpage.it\/sport\/?p=1462252"},"modified":"2021-06-04T08:40:16","modified_gmt":"2021-06-04T08:40:16","slug":"paura-per-il-covid-i-calciatori-del-brasile-chiedono-di-non-giocare-la-copa-america","status":"publish","type":"post","link":"https:\/\/nugnes.com\/?p=209927","title":{"rendered":"Paura per il Covid: i calciatori del Brasile chiedono di non giocare la Copa America"},"content":{"rendered":"<img src=\"https:\/\/static.fanpage.it\/wp-content\/uploads\/sites\/27\/2021\/06\/covid-brasile-copa-america-638x425.jpg\" \/><br \/>I dati sull'evoluzione della situazione epidemiologica sono evidenti nella loro drammaticit\u00e0. I calciatori del Brasile hanno avanzato protesta e richiesta formale al presidente della Federazione affinch\u00e9 il Paese non ospiti la Copa America e si prenda in considerazione la possibilit\u00e0 di non giocarla.<br \/><a href=\"https:\/\/www.fanpage.it\/sport\/calcio\/paura-per-il-covid-i-calciatori-del-brasile-chiedono-di-non-giocare-la-copa-america\/\">Continua a leggere<\/a>","protected":false},"excerpt":{"rendered":"<p>I dati sull&#8217;evoluzione della situazione epidemiologica sono evidenti nella loro drammaticit\u00e0. I calciatori del Brasile hanno avanzato protesta e richiesta formale al presidente della Federazione affinch\u00e9 il Paese non ospiti la Copa America e si prenda &#8230;<\/p>\n","protected":false},"author":100,"featured_media":0,"comment_status":"closed","ping_status":"closed","sticky":false,"template":"","format":"standard","meta":{"om_disable_all_campaigns":false,"_monsterinsights_skip_tracking":false,"_monsterinsights_sitenote_active":false,"_monsterinsights_sitenote_note":"","_monsterinsights_sitenote_category":0,"footnotes":""},"categories":[75,743],"tags":[],"class_list":["post-209927","post","type-post","status-publish","format-standard","hentry","category-calcio","category-notizie"],"aioseo_notices":[],"_links":{"self":[{"href":"https:\/\/nugnes.com\/index.php?rest_route=\/wp\/v2\/posts\/209927","targetHints":{"allow":["GET"]}}],"collection":[{"href":"https:\/\/nugnes.com\/index.php?rest_route=\/wp\/v2\/posts"}],"about":[{"href":"https:\/\/nugnes.com\/index.php?rest_route=\/wp\/v2\/types\/post"}],"author":[{"embeddable":true,"href":"https:\/\/nugnes.com\/index.php?rest_route=\/wp\/v2\/users\/100"}],"replies":[{"embeddable":true,"href":"https:\/\/nugnes.com\/index.php?rest_route=%2Fwp%2Fv2%2Fcomments&post=209927"}],"version-history":[{"count":1,"href":"https:\/\/nugnes.com\/index.php?rest_route=\/wp\/v2\/posts\/209927\/revisions"}],"predecessor-version":[{"id":209928,"href":"https:\/\/nugnes.com\/index.php?rest_route=\/wp\/v2\/posts\/209927\/revisions\/209928"}],"wp:attachment":[{"href":"https:\/\/nugnes.com\/index.php?rest_route=%2Fwp%2Fv2%2Fmedia&parent=209927"}],"wp:term":[{"taxonomy":"category","embeddable":true,"href":"https:\/\/nugnes.com\/index.php?rest_route=%2Fwp%2Fv2%2Fcategories&post=209927"},{"taxonomy":"post_tag","embeddable":true,"href":"https:\/\/nugnes.com\/index.php?rest_route=%2Fwp%2Fv2%2Ftags&post=209927"}],"curies":[{"name":"wp","href":"https:\/\/api.w.org\/{rel}","templated":true}]}}