{"id":210256,"date":"2021-06-04T18:24:00","date_gmt":"2021-06-04T18:24:00","guid":{"rendered":"https:\/\/www.fanpage.it\/milano\/?p=85411"},"modified":"2021-06-04T18:24:00","modified_gmt":"2021-06-04T18:24:00","slug":"incidente-sullautostrada-a21-la-moglie-di-uno-dei-5-operai-morti-aveva-3-bimbe-siamo-distrutte","status":"publish","type":"post","link":"https:\/\/nugnes.com\/?p=210256","title":{"rendered":"Incidente sull\u2019Autostrada A21, la moglie di uno dei 5 operai morti: \u201cAveva 3 bimbe, siamo distrutte\u201d"},"content":{"rendered":"<img src=\"https:\/\/static.fanpage.it\/wp-content\/uploads\/sites\/29\/2021\/06\/incidente-operai-autostrada-ok-638x425.jpg\" \/><br \/>\"Un marito meraviglioso, pap\u00e0 di 3 splendide bambine, che ora ha lasciato\": cos\u00ec la moglie di uno dei cinque operai morti nel tragico incidente sull'A21 (Piacenza) gioved\u00ec 3 giugno. L'uomo, di origini marocchine, aveva festeggiato i suoi 51 anni il giorno prima della tragedia. \"Una persona solare, che amava la vita e con una grande passione per la pesca\", dice la cugina di un'altra vittima, Simone Abeni. \"Un secondo padre\". Quella consumatasi gioved\u00ec 3 giugno sull'autostrada del piacentino \u00e8 una tragedia che lascia famiglie spezzate e parenti sconvolti.<br \/><a href=\"https:\/\/www.fanpage.it\/milano\/incidente-sullautostrada-a21-la-moglie-di-uno-dei-5-operai-morti-aveva-3-bimbe-siamo-distrutte\/\">Continua a leggere<\/a>","protected":false},"excerpt":{"rendered":"<p>&#8220;Un marito meraviglioso, pap\u00e0 di 3 splendide bambine, che ora ha lasciato&#8221;: cos\u00ec la moglie di uno dei cinque operai morti nel tragico incidente sull&#8217;A21 (Piacenza) gioved\u00ec 3 giugno. L&#8217;uomo, di origini marocchine, aveva festeggiato i suoi 51 anni il gio&#8230;<\/p>\n","protected":false},"author":82,"featured_media":0,"comment_status":"closed","ping_status":"closed","sticky":false,"template":"","format":"standard","meta":{"om_disable_all_campaigns":false,"_monsterinsights_skip_tracking":false,"_monsterinsights_sitenote_active":false,"_monsterinsights_sitenote_note":"","_monsterinsights_sitenote_category":0,"footnotes":""},"categories":[745,757,1137,236],"tags":[],"class_list":["post-210256","post","type-post","status-publish","format-standard","hentry","category-attualita","category-cremona","category-incidenti-stradali","category-lombardia"],"aioseo_notices":[],"_links":{"self":[{"href":"https:\/\/nugnes.com\/index.php?rest_route=\/wp\/v2\/posts\/210256","targetHints":{"allow":["GET"]}}],"collection":[{"href":"https:\/\/nugnes.com\/index.php?rest_route=\/wp\/v2\/posts"}],"about":[{"href":"https:\/\/nugnes.com\/index.php?rest_route=\/wp\/v2\/types\/post"}],"author":[{"embeddable":true,"href":"https:\/\/nugnes.com\/index.php?rest_route=\/wp\/v2\/users\/82"}],"replies":[{"embeddable":true,"href":"https:\/\/nugnes.com\/index.php?rest_route=%2Fwp%2Fv2%2Fcomments&post=210256"}],"version-history":[{"count":1,"href":"https:\/\/nugnes.com\/index.php?rest_route=\/wp\/v2\/posts\/210256\/revisions"}],"predecessor-version":[{"id":210258,"href":"https:\/\/nugnes.com\/index.php?rest_route=\/wp\/v2\/posts\/210256\/revisions\/210258"}],"wp:attachment":[{"href":"https:\/\/nugnes.com\/index.php?rest_route=%2Fwp%2Fv2%2Fmedia&parent=210256"}],"wp:term":[{"taxonomy":"category","embeddable":true,"href":"https:\/\/nugnes.com\/index.php?rest_route=%2Fwp%2Fv2%2Fcategories&post=210256"},{"taxonomy":"post_tag","embeddable":true,"href":"https:\/\/nugnes.com\/index.php?rest_route=%2Fwp%2Fv2%2Ftags&post=210256"}],"curies":[{"name":"wp","href":"https:\/\/api.w.org\/{rel}","templated":true}]}}