{"id":210315,"date":"2021-06-04T17:21:35","date_gmt":"2021-06-04T17:21:35","guid":{"rendered":"https:\/\/www.fanpage.it\/sport\/?p=1462755"},"modified":"2021-06-04T17:21:35","modified_gmt":"2021-06-04T17:21:35","slug":"egan-bernal-positivo-al-covid-il-vincitore-del-giro-ditalia-2021-in-isolamento","status":"publish","type":"post","link":"https:\/\/nugnes.com\/?p=210315","title":{"rendered":"Egan Bernal positivo al Covid, il vincitore del Giro d\u2019Italia 2021 in isolamento"},"content":{"rendered":"<img src=\"https:\/\/static.fanpage.it\/wp-content\/uploads\/sites\/27\/2021\/06\/13038344_small-638x425.jpg\" \/><br \/>Il vincitore del Giro d'Italia 2021, Egan Bernal \u00e8 risultato positivo ad un tampone effettuato nella giornata di gioved\u00ec. Per il capitano della Ineos Grenadiers \u00e8 scattato l'isolamento nella sua abitazione di Monaco dove risiede con la sua fidanzata. L'ultimo test lo aveva effettuato il 24 maggio durante il Giro dove ha conquistato la sua prima Maglia Rosa.<br \/><a href=\"https:\/\/www.fanpage.it\/sport\/ciclismo\/egan-bernal-positivo-al-covid-il-vincitore-del-giro-ditalia-2021-in-isolamento\/\">Continua a leggere<\/a>","protected":false},"excerpt":{"rendered":"<p>Il vincitore del Giro d&#8217;Italia 2021, Egan Bernal \u00e8 risultato positivo ad un tampone effettuato nella giornata di gioved\u00ec. Per il capitano della Ineos Grenadiers \u00e8 scattato l&#8217;isolamento nella sua abitazione di Monaco dove risiede con la sua fidanzata. L&#8230;<\/p>\n","protected":false},"author":81,"featured_media":0,"comment_status":"closed","ping_status":"closed","sticky":false,"template":"","format":"standard","meta":{"om_disable_all_campaigns":false,"_monsterinsights_skip_tracking":false,"_monsterinsights_sitenote_active":false,"_monsterinsights_sitenote_note":"","_monsterinsights_sitenote_category":0,"footnotes":""},"categories":[874,743],"tags":[],"class_list":["post-210315","post","type-post","status-publish","format-standard","hentry","category-ciclismo","category-notizie"],"aioseo_notices":[],"_links":{"self":[{"href":"https:\/\/nugnes.com\/index.php?rest_route=\/wp\/v2\/posts\/210315","targetHints":{"allow":["GET"]}}],"collection":[{"href":"https:\/\/nugnes.com\/index.php?rest_route=\/wp\/v2\/posts"}],"about":[{"href":"https:\/\/nugnes.com\/index.php?rest_route=\/wp\/v2\/types\/post"}],"author":[{"embeddable":true,"href":"https:\/\/nugnes.com\/index.php?rest_route=\/wp\/v2\/users\/81"}],"replies":[{"embeddable":true,"href":"https:\/\/nugnes.com\/index.php?rest_route=%2Fwp%2Fv2%2Fcomments&post=210315"}],"version-history":[{"count":1,"href":"https:\/\/nugnes.com\/index.php?rest_route=\/wp\/v2\/posts\/210315\/revisions"}],"predecessor-version":[{"id":210317,"href":"https:\/\/nugnes.com\/index.php?rest_route=\/wp\/v2\/posts\/210315\/revisions\/210317"}],"wp:attachment":[{"href":"https:\/\/nugnes.com\/index.php?rest_route=%2Fwp%2Fv2%2Fmedia&parent=210315"}],"wp:term":[{"taxonomy":"category","embeddable":true,"href":"https:\/\/nugnes.com\/index.php?rest_route=%2Fwp%2Fv2%2Fcategories&post=210315"},{"taxonomy":"post_tag","embeddable":true,"href":"https:\/\/nugnes.com\/index.php?rest_route=%2Fwp%2Fv2%2Ftags&post=210315"}],"curies":[{"name":"wp","href":"https:\/\/api.w.org\/{rel}","templated":true}]}}