{"id":213430,"date":"2021-06-11T07:12:51","date_gmt":"2021-06-11T07:12:51","guid":{"rendered":"https:\/\/www.fanpage.it\/?p=1452265"},"modified":"2021-06-11T07:12:51","modified_gmt":"2021-06-11T07:12:51","slug":"saman-abbas-colloquio-fiume-del-cugino-arrestato-con-lavvocato-e-molto-provato","status":"publish","type":"post","link":"https:\/\/nugnes.com\/?p=213430","title":{"rendered":"Saman Abbas, colloquio fiume del cugino arrestato con l\u2019avvocato: \u201c\u00c8 molto provato\u201d"},"content":{"rendered":"<img src=\"https:\/\/static.fanpage.it\/wp-content\/uploads\/2021\/06\/arresto-cugino-saman-638x425.jpg\" \/><br \/>\u00c8\u00a0durato sei ore il colloquio tra il cugino di Saman Abbas, estradato in Italia dalla Francia, e indagato per l'omicidio della 18enne pakistana e il suo avvocato. Ikram Ijaz, 28 anni, verr\u00e0 interrogato quest'oggi in carcere dal giudice per le indagini preliminari e dovr\u00e0 chiarire la sua posizione. Mentre il legale Luigi Scarcella, che dalle prossime ore sar\u00e0 affiancato dal collega di studio Noris Bucchi, al termine del colloquio di ieri ha descritto un uomo \"molto provato\"<br \/><a href=\"https:\/\/www.fanpage.it\/attualita\/saman-abbas-colloquio-fiume-del-cugino-arrestato-con-il-suo-avvocato-e-molto-provato\/\">Continua a leggere<\/a>","protected":false},"excerpt":{"rendered":"<p>\u00c8\u00a0durato sei ore il colloquio tra il cugino di Saman Abbas, estradato in Italia dalla Francia, e indagato per l&#8217;omicidio della 18enne pakistana e il suo avvocato. Ikram Ijaz, 28 anni, verr\u00e0 interrogato quest&#8217;oggi in carcere dal giudice per le indagini &#8230;<\/p>\n","protected":false},"author":119,"featured_media":0,"comment_status":"closed","ping_status":"closed","sticky":false,"template":"","format":"standard","meta":{"om_disable_all_campaigns":false,"_monsterinsights_skip_tracking":false,"_monsterinsights_sitenote_active":false,"_monsterinsights_sitenote_note":"","_monsterinsights_sitenote_category":0,"footnotes":""},"categories":[745],"tags":[],"class_list":["post-213430","post","type-post","status-publish","format-standard","hentry","category-attualita"],"aioseo_notices":[],"_links":{"self":[{"href":"https:\/\/nugnes.com\/index.php?rest_route=\/wp\/v2\/posts\/213430","targetHints":{"allow":["GET"]}}],"collection":[{"href":"https:\/\/nugnes.com\/index.php?rest_route=\/wp\/v2\/posts"}],"about":[{"href":"https:\/\/nugnes.com\/index.php?rest_route=\/wp\/v2\/types\/post"}],"author":[{"embeddable":true,"href":"https:\/\/nugnes.com\/index.php?rest_route=\/wp\/v2\/users\/119"}],"replies":[{"embeddable":true,"href":"https:\/\/nugnes.com\/index.php?rest_route=%2Fwp%2Fv2%2Fcomments&post=213430"}],"version-history":[{"count":1,"href":"https:\/\/nugnes.com\/index.php?rest_route=\/wp\/v2\/posts\/213430\/revisions"}],"predecessor-version":[{"id":213431,"href":"https:\/\/nugnes.com\/index.php?rest_route=\/wp\/v2\/posts\/213430\/revisions\/213431"}],"wp:attachment":[{"href":"https:\/\/nugnes.com\/index.php?rest_route=%2Fwp%2Fv2%2Fmedia&parent=213430"}],"wp:term":[{"taxonomy":"category","embeddable":true,"href":"https:\/\/nugnes.com\/index.php?rest_route=%2Fwp%2Fv2%2Fcategories&post=213430"},{"taxonomy":"post_tag","embeddable":true,"href":"https:\/\/nugnes.com\/index.php?rest_route=%2Fwp%2Fv2%2Ftags&post=213430"}],"curies":[{"name":"wp","href":"https:\/\/api.w.org\/{rel}","templated":true}]}}