{"id":214023,"date":"2021-06-12T09:51:12","date_gmt":"2021-06-12T09:51:12","guid":{"rendered":"https:\/\/www.fanpage.it\/napoli\/?p=116352"},"modified":"2021-06-12T09:51:12","modified_gmt":"2021-06-12T09:51:12","slug":"giuseppe-conte-a-napoli-martedi-15-giugno-la-citta-torni-capitale-del-sud-e-del-mediterraneo","status":"publish","type":"post","link":"https:\/\/nugnes.com\/?p=214023","title":{"rendered":"Giuseppe Conte a Napoli marted\u00ec 15 giugno: \u201cLa citt\u00e0 torni Capitale del Sud e del Mediterraneo\u201d"},"content":{"rendered":"<img src=\"https:\/\/static.fanpage.it\/wp-content\/uploads\/sites\/30\/2021\/06\/giuseppe-conte-gaetano-manfredi-638x425.jpeg\" \/><br \/>L'ex premier Giuseppe Conte a Napoli marted\u00ec 15 giugno: lo ha annunciato egli stesso, aggiungendo che porter\u00e0 il proprio sostegno al candidato sindaco Gaetano Manfredi. \"Napoli torner\u00e0 a essere una grande capitale del Sud e del Mediterraneo, \u00e8 una citt\u00e0 straordinaria ricca di bellezze e talenti che devono essere maggiormente valorizzati\".<br \/><a href=\"https:\/\/www.fanpage.it\/napoli\/giuseppe-conte-a-napoli-martedi-15-giugno-la-citta-torni-capitale-del-sud-e-del-mediterraneo\/\">Continua a leggere<\/a>","protected":false},"excerpt":{"rendered":"<p>L&#8217;ex premier Giuseppe Conte a Napoli marted\u00ec 15 giugno: lo ha annunciato egli stesso, aggiungendo che porter\u00e0 il proprio sostegno al candidato sindaco Gaetano Manfredi. &#8220;Napoli torner\u00e0 a essere una grande capitale del Sud e del Mediterraneo, \u00e8 una citt&#8230;<\/p>\n","protected":false},"author":110,"featured_media":0,"comment_status":"closed","ping_status":"closed","sticky":false,"template":"","format":"standard","meta":{"om_disable_all_campaigns":false,"_monsterinsights_skip_tracking":false,"_monsterinsights_sitenote_active":false,"_monsterinsights_sitenote_note":"","_monsterinsights_sitenote_category":0,"footnotes":""},"categories":[745,15],"tags":[],"class_list":["post-214023","post","type-post","status-publish","format-standard","hentry","category-attualita","category-politica"],"aioseo_notices":[],"_links":{"self":[{"href":"https:\/\/nugnes.com\/index.php?rest_route=\/wp\/v2\/posts\/214023","targetHints":{"allow":["GET"]}}],"collection":[{"href":"https:\/\/nugnes.com\/index.php?rest_route=\/wp\/v2\/posts"}],"about":[{"href":"https:\/\/nugnes.com\/index.php?rest_route=\/wp\/v2\/types\/post"}],"author":[{"embeddable":true,"href":"https:\/\/nugnes.com\/index.php?rest_route=\/wp\/v2\/users\/110"}],"replies":[{"embeddable":true,"href":"https:\/\/nugnes.com\/index.php?rest_route=%2Fwp%2Fv2%2Fcomments&post=214023"}],"version-history":[{"count":1,"href":"https:\/\/nugnes.com\/index.php?rest_route=\/wp\/v2\/posts\/214023\/revisions"}],"predecessor-version":[{"id":214024,"href":"https:\/\/nugnes.com\/index.php?rest_route=\/wp\/v2\/posts\/214023\/revisions\/214024"}],"wp:attachment":[{"href":"https:\/\/nugnes.com\/index.php?rest_route=%2Fwp%2Fv2%2Fmedia&parent=214023"}],"wp:term":[{"taxonomy":"category","embeddable":true,"href":"https:\/\/nugnes.com\/index.php?rest_route=%2Fwp%2Fv2%2Fcategories&post=214023"},{"taxonomy":"post_tag","embeddable":true,"href":"https:\/\/nugnes.com\/index.php?rest_route=%2Fwp%2Fv2%2Ftags&post=214023"}],"curies":[{"name":"wp","href":"https:\/\/api.w.org\/{rel}","templated":true}]}}