{"id":215079,"date":"2021-06-14T18:24:36","date_gmt":"2021-06-14T18:24:36","guid":{"rendered":"https:\/\/www.fanpage.it\/milano\/?p=86972"},"modified":"2021-06-14T18:24:36","modified_gmt":"2021-06-14T18:24:36","slug":"adescava-bambine-online-e-in-casa-aveva-un-arsenale-da-guerra-arrestato","status":"publish","type":"post","link":"https:\/\/nugnes.com\/?p=215079","title":{"rendered":"Adescava bambine online e in casa aveva un arsenale da guerra: arrestato"},"content":{"rendered":"<img src=\"https:\/\/static.fanpage.it\/wp-content\/uploads\/sites\/3\/2019\/12\/pedofilo-pedofilia-arresto-manette-violenza-sessuale-minori-bambino-bambina-bimbo-bimba-bullismo-cyberbullismo-compagni-classe-parco-giochi-anziano-molestia-6-638x425.jpg\" \/><br \/>Lo stavano indagando per adescamento online di bambine tra i dieci e i dodici anni, ma durante la perquisizione della sua abitazione \u00e8 stato trovato un arsenale da guerra: \u00e8 successo in provincia di Varese dove un uomo di 60 anni \u00e8 stato arrestato e portato in carcere. In casa sono state trovate centinaia di munizioni.<br \/><a href=\"https:\/\/www.fanpage.it\/milano\/adescava-bambine-online-e-in-casa-aveva-un-arsenale-da-guerra-arrestato\/\">Continua a leggere<\/a>","protected":false},"excerpt":{"rendered":"<p>Lo stavano indagando per adescamento online di bambine tra i dieci e i dodici anni, ma durante la perquisizione della sua abitazione \u00e8 stato trovato un arsenale da guerra: \u00e8 successo in provincia di Varese dove un uomo di 60 anni \u00e8 stato arrestato e po&#8230;<\/p>\n","protected":false},"author":208,"featured_media":0,"comment_status":"closed","ping_status":"closed","sticky":false,"template":"","format":"standard","meta":{"om_disable_all_campaigns":false,"_monsterinsights_skip_tracking":false,"_monsterinsights_sitenote_active":false,"_monsterinsights_sitenote_note":"","_monsterinsights_sitenote_category":0,"footnotes":""},"categories":[745,10,236,755],"tags":[],"class_list":["post-215079","post","type-post","status-publish","format-standard","hentry","category-attualita","category-cronaca","category-lombardia","category-varese"],"aioseo_notices":[],"_links":{"self":[{"href":"https:\/\/nugnes.com\/index.php?rest_route=\/wp\/v2\/posts\/215079","targetHints":{"allow":["GET"]}}],"collection":[{"href":"https:\/\/nugnes.com\/index.php?rest_route=\/wp\/v2\/posts"}],"about":[{"href":"https:\/\/nugnes.com\/index.php?rest_route=\/wp\/v2\/types\/post"}],"author":[{"embeddable":true,"href":"https:\/\/nugnes.com\/index.php?rest_route=\/wp\/v2\/users\/208"}],"replies":[{"embeddable":true,"href":"https:\/\/nugnes.com\/index.php?rest_route=%2Fwp%2Fv2%2Fcomments&post=215079"}],"version-history":[{"count":1,"href":"https:\/\/nugnes.com\/index.php?rest_route=\/wp\/v2\/posts\/215079\/revisions"}],"predecessor-version":[{"id":215080,"href":"https:\/\/nugnes.com\/index.php?rest_route=\/wp\/v2\/posts\/215079\/revisions\/215080"}],"wp:attachment":[{"href":"https:\/\/nugnes.com\/index.php?rest_route=%2Fwp%2Fv2%2Fmedia&parent=215079"}],"wp:term":[{"taxonomy":"category","embeddable":true,"href":"https:\/\/nugnes.com\/index.php?rest_route=%2Fwp%2Fv2%2Fcategories&post=215079"},{"taxonomy":"post_tag","embeddable":true,"href":"https:\/\/nugnes.com\/index.php?rest_route=%2Fwp%2Fv2%2Ftags&post=215079"}],"curies":[{"name":"wp","href":"https:\/\/api.w.org\/{rel}","templated":true}]}}