{"id":219610,"date":"2021-06-23T14:20:11","date_gmt":"2021-06-23T14:20:11","guid":{"rendered":"https:\/\/www.fanpage.it\/milano\/?p=88195"},"modified":"2021-06-23T14:20:11","modified_gmt":"2021-06-23T14:20:11","slug":"allerta-caldo-domani-24-giugno-giornata-da-bollino-arancione-a-brescia","status":"publish","type":"post","link":"https:\/\/nugnes.com\/?p=219610","title":{"rendered":"Allerta caldo, domani 24 giugno giornata da bollino arancione a Brescia"},"content":{"rendered":"<img src=\"https:\/\/static.fanpage.it\/wp-content\/uploads\/sites\/29\/2020\/07\/caldo2-1200x900-638x425.jpg\" \/><br \/>Oggi e domani a Brescia, a causa di importanti ondate di calore, \u00e8 stata diramata una allerta arancione. Le temperature elevate, si arriver\u00e0 a toccare i 34 gradi centigradi, potranno essere un rischio per la salute della popolazione. Venerd\u00ec invece le temperature scenderanno e la citt\u00e0 sar\u00e0 da bollino giallo.<br \/><a href=\"https:\/\/www.fanpage.it\/milano\/allerta-caldo-domani-24-giugno-giornata-da-bollino-arancione-a-brescia\/\">Continua a leggere<\/a>","protected":false},"excerpt":{"rendered":"<p>Oggi e domani a Brescia, a causa di importanti ondate di calore, \u00e8 stata diramata una allerta arancione. Le temperature elevate, si arriver\u00e0 a toccare i 34 gradi centigradi, potranno essere un rischio per la salute della popolazione. Venerd\u00ec invece le &#8230;<\/p>\n","protected":false},"author":208,"featured_media":0,"comment_status":"closed","ping_status":"closed","sticky":false,"template":"","format":"standard","meta":{"om_disable_all_campaigns":false,"_monsterinsights_skip_tracking":false,"_monsterinsights_sitenote_active":false,"_monsterinsights_sitenote_note":"","_monsterinsights_sitenote_category":0,"footnotes":""},"categories":[745,461,236,139],"tags":[],"class_list":["post-219610","post","type-post","status-publish","format-standard","hentry","category-attualita","category-brescia","category-lombardia","category-meteo"],"aioseo_notices":[],"_links":{"self":[{"href":"https:\/\/nugnes.com\/index.php?rest_route=\/wp\/v2\/posts\/219610","targetHints":{"allow":["GET"]}}],"collection":[{"href":"https:\/\/nugnes.com\/index.php?rest_route=\/wp\/v2\/posts"}],"about":[{"href":"https:\/\/nugnes.com\/index.php?rest_route=\/wp\/v2\/types\/post"}],"author":[{"embeddable":true,"href":"https:\/\/nugnes.com\/index.php?rest_route=\/wp\/v2\/users\/208"}],"replies":[{"embeddable":true,"href":"https:\/\/nugnes.com\/index.php?rest_route=%2Fwp%2Fv2%2Fcomments&post=219610"}],"version-history":[{"count":1,"href":"https:\/\/nugnes.com\/index.php?rest_route=\/wp\/v2\/posts\/219610\/revisions"}],"predecessor-version":[{"id":219611,"href":"https:\/\/nugnes.com\/index.php?rest_route=\/wp\/v2\/posts\/219610\/revisions\/219611"}],"wp:attachment":[{"href":"https:\/\/nugnes.com\/index.php?rest_route=%2Fwp%2Fv2%2Fmedia&parent=219610"}],"wp:term":[{"taxonomy":"category","embeddable":true,"href":"https:\/\/nugnes.com\/index.php?rest_route=%2Fwp%2Fv2%2Fcategories&post=219610"},{"taxonomy":"post_tag","embeddable":true,"href":"https:\/\/nugnes.com\/index.php?rest_route=%2Fwp%2Fv2%2Ftags&post=219610"}],"curies":[{"name":"wp","href":"https:\/\/api.w.org\/{rel}","templated":true}]}}