{"id":219702,"date":"2021-06-23T17:15:57","date_gmt":"2021-06-23T17:15:57","guid":{"rendered":"https:\/\/www.fanpage.it\/milano\/?p=87322"},"modified":"2021-06-23T17:15:57","modified_gmt":"2021-06-23T17:15:57","slug":"zero-pazienti-covid-in-terapia-intensiva-a-monza-tra-le-citta-piu-colpite-dalla-pandemia","status":"publish","type":"post","link":"https:\/\/nugnes.com\/?p=219702","title":{"rendered":"Zero pazienti Covid in terapia intensiva a Monza, tra le citt\u00e0 pi\u00f9 colpite dalla pandemia"},"content":{"rendered":"<img src=\"https:\/\/static.fanpage.it\/wp-content\/uploads\/sites\/29\/2020\/11\/11968409_large-638x425.jpg\" \/><br \/>L'ospedale San Gerardo di Monza non ha pi\u00f9 nessun paziente Covid in terapia intensiva. Una della citt\u00e0 pi\u00f9 colpite dal Covid durante la seconda ondata inizia a tirare un respiro si sollievo. Restano ora 6 i pazienti contagiati dal virus nei reparti ordinari. Ancora 8 e 3 invece i malati gravi a Varese e Como, le altre due citt\u00e0 bersaglio del Covid, oltre a Milano, dello scorso autunno.<br \/><a href=\"https:\/\/www.fanpage.it\/milano\/zero-pazienti-covid-in-terapia-intensiva-a-monza-tra-le-citta-piu-colpite-dalla-pandemia\/\">Continua a leggere<\/a>","protected":false},"excerpt":{"rendered":"<p>L&#8217;ospedale San Gerardo di Monza non ha pi\u00f9 nessun paziente Covid in terapia intensiva. Una della citt\u00e0 pi\u00f9 colpite dal Covid durante la seconda ondata inizia a tirare un respiro si sollievo. Restano ora 6 i pazienti contagiati dal virus nei reparti ord&#8230;<\/p>\n","protected":false},"author":222,"featured_media":0,"comment_status":"closed","ping_status":"closed","sticky":false,"template":"","format":"standard","meta":{"om_disable_all_campaigns":false,"_monsterinsights_skip_tracking":false,"_monsterinsights_sitenote_active":false,"_monsterinsights_sitenote_note":"","_monsterinsights_sitenote_category":0,"footnotes":""},"categories":[745,10,236,1140],"tags":[],"class_list":["post-219702","post","type-post","status-publish","format-standard","hentry","category-attualita","category-cronaca","category-lombardia","category-monza-e-brianza"],"aioseo_notices":[],"_links":{"self":[{"href":"https:\/\/nugnes.com\/index.php?rest_route=\/wp\/v2\/posts\/219702","targetHints":{"allow":["GET"]}}],"collection":[{"href":"https:\/\/nugnes.com\/index.php?rest_route=\/wp\/v2\/posts"}],"about":[{"href":"https:\/\/nugnes.com\/index.php?rest_route=\/wp\/v2\/types\/post"}],"author":[{"embeddable":true,"href":"https:\/\/nugnes.com\/index.php?rest_route=\/wp\/v2\/users\/222"}],"replies":[{"embeddable":true,"href":"https:\/\/nugnes.com\/index.php?rest_route=%2Fwp%2Fv2%2Fcomments&post=219702"}],"version-history":[{"count":1,"href":"https:\/\/nugnes.com\/index.php?rest_route=\/wp\/v2\/posts\/219702\/revisions"}],"predecessor-version":[{"id":219703,"href":"https:\/\/nugnes.com\/index.php?rest_route=\/wp\/v2\/posts\/219702\/revisions\/219703"}],"wp:attachment":[{"href":"https:\/\/nugnes.com\/index.php?rest_route=%2Fwp%2Fv2%2Fmedia&parent=219702"}],"wp:term":[{"taxonomy":"category","embeddable":true,"href":"https:\/\/nugnes.com\/index.php?rest_route=%2Fwp%2Fv2%2Fcategories&post=219702"},{"taxonomy":"post_tag","embeddable":true,"href":"https:\/\/nugnes.com\/index.php?rest_route=%2Fwp%2Fv2%2Ftags&post=219702"}],"curies":[{"name":"wp","href":"https:\/\/api.w.org\/{rel}","templated":true}]}}