{"id":219913,"date":"2021-06-24T08:38:47","date_gmt":"2021-06-24T08:38:47","guid":{"rendered":"https:\/\/donna.fanpage.it\/?p=421068"},"modified":"2021-06-24T08:38:47","modified_gmt":"2021-06-24T08:38:47","slug":"marica-pellegrinelli-da-il-via-allestate-2021-il-look-da-spiaggia-e-col-micro-bikini-ecosostenibile","status":"publish","type":"post","link":"https:\/\/nugnes.com\/?p=219913","title":{"rendered":"Marica Pellegrinelli d\u00e0 il via all\u2019estate 2021: il look da spiaggia \u00e8 col micro bikini ecosostenibile"},"content":{"rendered":"<img src=\"https:\/\/static.fanpage.it\/wp-content\/uploads\/sites\/11\/2021\/06\/marika-pellegrinelli-estate-2021-bikini-eco-green-638x425.jpg\" \/><br \/>Marica Pellegrinelli ha dato il via alla sua estate, sta passando le sue giornate a Ibizia e ne ha approfittato per sfoggiare un look da spiaggia super trendy. Si \u00e8 immortalata in micro bikini a fiori ma la cosa che in pochi sanno \u00e8 che si \u00e8 \"presa cura\" anche dell'ambiente, scegliendo un modello ecosostenibile.<br \/><a href=\"https:\/\/donna.fanpage.it\/marica-pellegrinelli-da-il-via-allestate-2021-il-look-da-spiaggia-e-col-micro-bikini-ecosostenibile\/\">Continua a leggere<\/a>","protected":false},"excerpt":{"rendered":"<p>Marica Pellegrinelli ha dato il via alla sua estate, sta passando le sue giornate a Ibizia e ne ha approfittato per sfoggiare un look da spiaggia super trendy. Si \u00e8 immortalata in micro bikini a fiori ma la cosa che in pochi sanno \u00e8 che si \u00e8 &#8220;presa cur&#8230;<\/p>\n","protected":false},"author":127,"featured_media":0,"comment_status":"closed","ping_status":"closed","sticky":false,"template":"","format":"standard","meta":{"om_disable_all_campaigns":false,"_monsterinsights_skip_tracking":false,"_monsterinsights_sitenote_active":false,"_monsterinsights_sitenote_note":"","_monsterinsights_sitenote_category":0,"footnotes":""},"categories":[795,799,744],"tags":[],"class_list":["post-219913","post","type-post","status-publish","format-standard","hentry","category-celebrita","category-look-da-star","category-news"],"aioseo_notices":[],"_links":{"self":[{"href":"https:\/\/nugnes.com\/index.php?rest_route=\/wp\/v2\/posts\/219913","targetHints":{"allow":["GET"]}}],"collection":[{"href":"https:\/\/nugnes.com\/index.php?rest_route=\/wp\/v2\/posts"}],"about":[{"href":"https:\/\/nugnes.com\/index.php?rest_route=\/wp\/v2\/types\/post"}],"author":[{"embeddable":true,"href":"https:\/\/nugnes.com\/index.php?rest_route=\/wp\/v2\/users\/127"}],"replies":[{"embeddable":true,"href":"https:\/\/nugnes.com\/index.php?rest_route=%2Fwp%2Fv2%2Fcomments&post=219913"}],"version-history":[{"count":1,"href":"https:\/\/nugnes.com\/index.php?rest_route=\/wp\/v2\/posts\/219913\/revisions"}],"predecessor-version":[{"id":219914,"href":"https:\/\/nugnes.com\/index.php?rest_route=\/wp\/v2\/posts\/219913\/revisions\/219914"}],"wp:attachment":[{"href":"https:\/\/nugnes.com\/index.php?rest_route=%2Fwp%2Fv2%2Fmedia&parent=219913"}],"wp:term":[{"taxonomy":"category","embeddable":true,"href":"https:\/\/nugnes.com\/index.php?rest_route=%2Fwp%2Fv2%2Fcategories&post=219913"},{"taxonomy":"post_tag","embeddable":true,"href":"https:\/\/nugnes.com\/index.php?rest_route=%2Fwp%2Fv2%2Ftags&post=219913"}],"curies":[{"name":"wp","href":"https:\/\/api.w.org\/{rel}","templated":true}]}}