{"id":219925,"date":"2021-06-24T08:22:51","date_gmt":"2021-06-24T08:22:51","guid":{"rendered":"https:\/\/www.fanpage.it\/milano\/?p=88321"},"modified":"2021-06-24T08:22:51","modified_gmt":"2021-06-24T08:22:51","slug":"uccisa-da-una-barca-i-genitori-di-greta-chiedono-giustizia-la-sua-perdita-e-una-condanna-a-vita","status":"publish","type":"post","link":"https:\/\/nugnes.com\/?p=219925","title":{"rendered":"Uccisa da una barca, i genitori di Greta chiedono giustizia: \u201cLa sua perdita \u00e8 una condanna a vita\u201d"},"content":{"rendered":"<img src=\"https:\/\/static.fanpage.it\/wp-content\/uploads\/sites\/29\/2021\/06\/greta-1-638x425.jpg\" \/><br \/>\"Chiediamo verit\u00e0 e giustizia\": \u00e8 questa la richiesta dei genitori di Greta, la 25enne che tra sabato e domenica \u00e8 morta dopo essere stata travolta e uccisa da un motoscafo sul lago di Garda. Con lei \u00e8 morto anche il 37enne Umberto. Per la loro morte sono indagati due turisti tedeschi, accusati di duplice omicidio colposo e omissione di soccorso.<br \/><a href=\"https:\/\/www.fanpage.it\/milano\/uccisa-da-una-barca-i-genitori-di-greta-chiedono-giustizia-la-sua-perdita-e-una-condanna-a-vita\/\">Continua a leggere<\/a>","protected":false},"excerpt":{"rendered":"<p>&#8220;Chiediamo verit\u00e0 e giustizia&#8221;: \u00e8 questa la richiesta dei genitori di Greta, la 25enne che tra sabato e domenica \u00e8 morta dopo essere stata travolta e uccisa da un motoscafo sul lago di Garda. Con lei \u00e8 morto anche il 37enne Umberto. Per la loro morte s&#8230;<\/p>\n","protected":false},"author":208,"featured_media":0,"comment_status":"closed","ping_status":"closed","sticky":false,"template":"","format":"standard","meta":{"om_disable_all_campaigns":false,"_monsterinsights_skip_tracking":false,"_monsterinsights_sitenote_active":false,"_monsterinsights_sitenote_note":"","_monsterinsights_sitenote_category":0,"footnotes":""},"categories":[745,10],"tags":[],"class_list":["post-219925","post","type-post","status-publish","format-standard","hentry","category-attualita","category-cronaca"],"aioseo_notices":[],"_links":{"self":[{"href":"https:\/\/nugnes.com\/index.php?rest_route=\/wp\/v2\/posts\/219925","targetHints":{"allow":["GET"]}}],"collection":[{"href":"https:\/\/nugnes.com\/index.php?rest_route=\/wp\/v2\/posts"}],"about":[{"href":"https:\/\/nugnes.com\/index.php?rest_route=\/wp\/v2\/types\/post"}],"author":[{"embeddable":true,"href":"https:\/\/nugnes.com\/index.php?rest_route=\/wp\/v2\/users\/208"}],"replies":[{"embeddable":true,"href":"https:\/\/nugnes.com\/index.php?rest_route=%2Fwp%2Fv2%2Fcomments&post=219925"}],"version-history":[{"count":1,"href":"https:\/\/nugnes.com\/index.php?rest_route=\/wp\/v2\/posts\/219925\/revisions"}],"predecessor-version":[{"id":219926,"href":"https:\/\/nugnes.com\/index.php?rest_route=\/wp\/v2\/posts\/219925\/revisions\/219926"}],"wp:attachment":[{"href":"https:\/\/nugnes.com\/index.php?rest_route=%2Fwp%2Fv2%2Fmedia&parent=219925"}],"wp:term":[{"taxonomy":"category","embeddable":true,"href":"https:\/\/nugnes.com\/index.php?rest_route=%2Fwp%2Fv2%2Fcategories&post=219925"},{"taxonomy":"post_tag","embeddable":true,"href":"https:\/\/nugnes.com\/index.php?rest_route=%2Fwp%2Fv2%2Ftags&post=219925"}],"curies":[{"name":"wp","href":"https:\/\/api.w.org\/{rel}","templated":true}]}}