{"id":221737,"date":"2021-06-28T10:00:07","date_gmt":"2021-06-28T10:00:07","guid":{"rendered":"https:\/\/gossip.fanpage.it\/?p=348183"},"modified":"2021-06-28T10:00:07","modified_gmt":"2021-06-28T10:00:07","slug":"fabio-fulco-papa-a-50-anni-e-nata-la-figlia-dellattore-e-di-veronica-papa-lemozionante-messaggio","status":"publish","type":"post","link":"https:\/\/nugnes.com\/?p=221737","title":{"rendered":"Fabio Fulco pap\u00e0 a 50 anni, \u00e8 nata la figlia dell\u2019attore e di Veronica Papa: l\u2019emozionante messaggio"},"content":{"rendered":"<img src=\"https:\/\/static.fanpage.it\/wp-content\/uploads\/sites\/15\/2021\/06\/fusco-e-papa.jpg\" \/><br \/>Fabio Fulco e Veronica Papa sono diventati genitori. Questo, almeno, \u00e8 quanto traspare dal post sibillino che l'attore ha pubblicato su Instagram e che \u00e8 stato sommerso di commenti di auguri e congratulazioni. La bambina \u00e8 la primogenita dell'attore, 50 anni e dell'imprenditrice e modella, 27 anni.<br \/><a href=\"https:\/\/gossip.fanpage.it\/fabio-fulco-papa-a-50-anni-e-nata-la-figlia-dellattore-e-di-veronica-papa-lemozionante-messaggio\/\">Continua a leggere<\/a>","protected":false},"excerpt":{"rendered":"<p>Fabio Fulco e Veronica Papa sono diventati genitori. Questo, almeno, \u00e8 quanto traspare dal post sibillino che l&#8217;attore ha pubblicato su Instagram e che \u00e8 stato sommerso di commenti di auguri e congratulazioni. La bambina \u00e8 la primogenita dell&#8217;attore, 5&#8230;<\/p>\n","protected":false},"author":121,"featured_media":0,"comment_status":"closed","ping_status":"closed","sticky":false,"template":"","format":"standard","meta":{"om_disable_all_campaigns":false,"_monsterinsights_skip_tracking":false,"_monsterinsights_sitenote_active":false,"_monsterinsights_sitenote_note":"","_monsterinsights_sitenote_category":0,"footnotes":""},"categories":[750],"tags":[],"class_list":["post-221737","post","type-post","status-publish","format-standard","hentry","category-gossip-news"],"aioseo_notices":[],"_links":{"self":[{"href":"https:\/\/nugnes.com\/index.php?rest_route=\/wp\/v2\/posts\/221737","targetHints":{"allow":["GET"]}}],"collection":[{"href":"https:\/\/nugnes.com\/index.php?rest_route=\/wp\/v2\/posts"}],"about":[{"href":"https:\/\/nugnes.com\/index.php?rest_route=\/wp\/v2\/types\/post"}],"author":[{"embeddable":true,"href":"https:\/\/nugnes.com\/index.php?rest_route=\/wp\/v2\/users\/121"}],"replies":[{"embeddable":true,"href":"https:\/\/nugnes.com\/index.php?rest_route=%2Fwp%2Fv2%2Fcomments&post=221737"}],"version-history":[{"count":1,"href":"https:\/\/nugnes.com\/index.php?rest_route=\/wp\/v2\/posts\/221737\/revisions"}],"predecessor-version":[{"id":221738,"href":"https:\/\/nugnes.com\/index.php?rest_route=\/wp\/v2\/posts\/221737\/revisions\/221738"}],"wp:attachment":[{"href":"https:\/\/nugnes.com\/index.php?rest_route=%2Fwp%2Fv2%2Fmedia&parent=221737"}],"wp:term":[{"taxonomy":"category","embeddable":true,"href":"https:\/\/nugnes.com\/index.php?rest_route=%2Fwp%2Fv2%2Fcategories&post=221737"},{"taxonomy":"post_tag","embeddable":true,"href":"https:\/\/nugnes.com\/index.php?rest_route=%2Fwp%2Fv2%2Ftags&post=221737"}],"curies":[{"name":"wp","href":"https:\/\/api.w.org\/{rel}","templated":true}]}}