{"id":222379,"date":"2021-06-29T14:29:24","date_gmt":"2021-06-29T14:29:24","guid":{"rendered":"https:\/\/tv.fanpage.it\/?p=409200"},"modified":"2021-06-29T14:29:24","modified_gmt":"2021-06-29T14:29:24","slug":"alba-parietti-nel-cast-di-tale-e-quale-show-vorrei-imitare-anche-qualche-uomo","status":"publish","type":"post","link":"https:\/\/nugnes.com\/?p=222379","title":{"rendered":"Alba Parietti nel cast di Tale e Quale Show: \u201cVorrei imitare anche qualche uomo\u201d"},"content":{"rendered":"<img src=\"https:\/\/static.fanpage.it\/tvfanpage\/wp-content\/uploads\/2011\/08\/ALBA-PARIETTI-CONTRO-LISOLA-DEI-FAMOSI-638x425.jpg\" \/><br \/>L'opinionista e showgirl conferma in un'intervista al settimanale Chi la sua presenza nel programma di Carlo Conti, in partenza a settembre: \"\u00c8 difficile imitarmi perch\u00e9 sono un camaleonte, prendo la forma e il colore di quello che ho intorno. Far\u00f2 \u201cTale e quale show\u201d proprio perch\u00e9 non sono mai rimasta tale e quale a me stessa\". \u00c8 il sesto nome confermato del cast.<br \/><a href=\"https:\/\/tv.fanpage.it\/alba-parietti-nel-cast-di-tale-e-quale-show-vorrei-imitare-anche-qualche-uomo\/\">Continua a leggere<\/a>","protected":false},"excerpt":{"rendered":"<p>L&#8217;opinionista e showgirl conferma in un&#8217;intervista al settimanale Chi la sua presenza nel programma di Carlo Conti, in partenza a settembre: &#8220;\u00c8 difficile imitarmi perch\u00e9 sono un camaleonte, prendo la forma e il colore di quello che ho intorno. Far\u00f2 \u201cTa&#8230;<\/p>\n","protected":false},"author":129,"featured_media":0,"comment_status":"closed","ping_status":"closed","sticky":false,"template":"","format":"standard","meta":{"om_disable_all_campaigns":false,"_monsterinsights_skip_tracking":false,"_monsterinsights_sitenote_active":false,"_monsterinsights_sitenote_note":"","_monsterinsights_sitenote_category":0,"footnotes":""},"categories":[744],"tags":[],"class_list":["post-222379","post","type-post","status-publish","format-standard","hentry","category-news"],"aioseo_notices":[],"_links":{"self":[{"href":"https:\/\/nugnes.com\/index.php?rest_route=\/wp\/v2\/posts\/222379","targetHints":{"allow":["GET"]}}],"collection":[{"href":"https:\/\/nugnes.com\/index.php?rest_route=\/wp\/v2\/posts"}],"about":[{"href":"https:\/\/nugnes.com\/index.php?rest_route=\/wp\/v2\/types\/post"}],"author":[{"embeddable":true,"href":"https:\/\/nugnes.com\/index.php?rest_route=\/wp\/v2\/users\/129"}],"replies":[{"embeddable":true,"href":"https:\/\/nugnes.com\/index.php?rest_route=%2Fwp%2Fv2%2Fcomments&post=222379"}],"version-history":[{"count":1,"href":"https:\/\/nugnes.com\/index.php?rest_route=\/wp\/v2\/posts\/222379\/revisions"}],"predecessor-version":[{"id":222380,"href":"https:\/\/nugnes.com\/index.php?rest_route=\/wp\/v2\/posts\/222379\/revisions\/222380"}],"wp:attachment":[{"href":"https:\/\/nugnes.com\/index.php?rest_route=%2Fwp%2Fv2%2Fmedia&parent=222379"}],"wp:term":[{"taxonomy":"category","embeddable":true,"href":"https:\/\/nugnes.com\/index.php?rest_route=%2Fwp%2Fv2%2Fcategories&post=222379"},{"taxonomy":"post_tag","embeddable":true,"href":"https:\/\/nugnes.com\/index.php?rest_route=%2Fwp%2Fv2%2Ftags&post=222379"}],"curies":[{"name":"wp","href":"https:\/\/api.w.org\/{rel}","templated":true}]}}