{"id":227733,"date":"2021-07-10T09:21:08","date_gmt":"2021-07-10T09:21:08","guid":{"rendered":"https:\/\/www.fanpage.it\/roma\/?p=559053"},"modified":"2021-07-10T09:21:08","modified_gmt":"2021-07-10T09:21:08","slug":"roma-arrestato-il-25enne-che-e-salito-sul-tetto-di-una-volante-per-la-festa-dopo-italia-spagna","status":"publish","type":"post","link":"https:\/\/nugnes.com\/?p=227733","title":{"rendered":"Roma, arrestato il 25enne che \u00e8 salito sul tetto di una volante per la festa dopo Italia-Spagna"},"content":{"rendered":"<img src=\"https:\/\/static.fanpage.it\/wp-content\/uploads\/sites\/28\/2021\/07\/vandali-dopo-italia-spagna.jpg\" \/><br \/>Il 25enne \u00e8 stato deferito in stato di libert\u00e0 per il reato di vilipendio della Repubblica, delle istituzioni costituzionali e delle Forze Armate. \u00c8 stato anche arrestato perch\u00e9 in casa i poliziotti hanno trovato delle dosi di droga. Dovr\u00e0 anche risarcire i danni causati all'automobile della polizia, che sembrano ammontare a diverse centinaia di euro.<br \/><a href=\"https:\/\/www.fanpage.it\/roma\/roma-arrestato-il-25enne-che-e-salito-sul-tetto-di-una-volante-per-la-festa-dopo-italia-spagna\/\">Continua a leggere<\/a>","protected":false},"excerpt":{"rendered":"<p>Il 25enne \u00e8 stato deferito in stato di libert\u00e0 per il reato di vilipendio della Repubblica, delle istituzioni costituzionali e delle Forze Armate. \u00c8 stato anche arrestato perch\u00e9 in casa i poliziotti hanno trovato delle dosi di droga. Dovr\u00e0 anche risarc&#8230;<\/p>\n","protected":false},"author":85,"featured_media":0,"comment_status":"closed","ping_status":"closed","sticky":false,"template":"","format":"standard","meta":{"om_disable_all_campaigns":false,"_monsterinsights_skip_tracking":false,"_monsterinsights_sitenote_active":false,"_monsterinsights_sitenote_note":"","_monsterinsights_sitenote_category":0,"footnotes":""},"categories":[745],"tags":[],"class_list":["post-227733","post","type-post","status-publish","format-standard","hentry","category-attualita"],"aioseo_notices":[],"_links":{"self":[{"href":"https:\/\/nugnes.com\/index.php?rest_route=\/wp\/v2\/posts\/227733","targetHints":{"allow":["GET"]}}],"collection":[{"href":"https:\/\/nugnes.com\/index.php?rest_route=\/wp\/v2\/posts"}],"about":[{"href":"https:\/\/nugnes.com\/index.php?rest_route=\/wp\/v2\/types\/post"}],"author":[{"embeddable":true,"href":"https:\/\/nugnes.com\/index.php?rest_route=\/wp\/v2\/users\/85"}],"replies":[{"embeddable":true,"href":"https:\/\/nugnes.com\/index.php?rest_route=%2Fwp%2Fv2%2Fcomments&post=227733"}],"version-history":[{"count":1,"href":"https:\/\/nugnes.com\/index.php?rest_route=\/wp\/v2\/posts\/227733\/revisions"}],"predecessor-version":[{"id":227734,"href":"https:\/\/nugnes.com\/index.php?rest_route=\/wp\/v2\/posts\/227733\/revisions\/227734"}],"wp:attachment":[{"href":"https:\/\/nugnes.com\/index.php?rest_route=%2Fwp%2Fv2%2Fmedia&parent=227733"}],"wp:term":[{"taxonomy":"category","embeddable":true,"href":"https:\/\/nugnes.com\/index.php?rest_route=%2Fwp%2Fv2%2Fcategories&post=227733"},{"taxonomy":"post_tag","embeddable":true,"href":"https:\/\/nugnes.com\/index.php?rest_route=%2Fwp%2Fv2%2Ftags&post=227733"}],"curies":[{"name":"wp","href":"https:\/\/api.w.org\/{rel}","templated":true}]}}