{"id":230632,"date":"2021-07-16T14:58:40","date_gmt":"2021-07-16T14:58:40","guid":{"rendered":"https:\/\/www.fanpage.it\/sport\/?p=1492953"},"modified":"2021-07-16T14:58:40","modified_gmt":"2021-07-16T14:58:40","slug":"matteo-berrettini-giochera-la-laver-cup-per-leuropa-sara-speciale-giocare-con-federer","status":"publish","type":"post","link":"https:\/\/nugnes.com\/?p=230632","title":{"rendered":"Matteo Berrettini giocher\u00e0 la Laver Cup per l\u2019Europa: \u201cSar\u00e0 speciale giocare con Federer\u201d"},"content":{"rendered":"<img src=\"https:\/\/static.fanpage.it\/wp-content\/uploads\/sites\/27\/2021\/07\/GettyImages-1328163411-638x425.jpg\" \/><br \/>Il tennista romano, numero 8 ATP e recente finalista a Wimbledon, \u00e8 stato convocato da Bjorn Borg e giocher\u00e0 con il team Europa che sfider\u00e0 il Resto del Mondo nella Laver Cup, in programma a Boston dal 24 al 26 settembre. Berrettini ha espresso tutta la sua gioia: \"Sono felice di prendere parte alla Laver Cup quest'anno. Giocare con Borg capitano e avere Federer come compagno di squadra sar\u00e0 speciale\".<br \/><a href=\"https:\/\/www.fanpage.it\/sport\/tennis\/matteo-berrettini-giochera-la-laver-cup-per-leuropa-sara-speciale-giocare-con-federer\/\">Continua a leggere<\/a>","protected":false},"excerpt":{"rendered":"<p>Il tennista romano, numero 8 ATP e recente finalista a Wimbledon, \u00e8 stato convocato da Bjorn Borg e giocher\u00e0 con il team Europa che sfider\u00e0 il Resto del Mondo nella Laver Cup, in programma a Boston dal 24 al 26 settembre. Berrettini ha espresso tutta l&#8230;<\/p>\n","protected":false},"author":116,"featured_media":0,"comment_status":"closed","ping_status":"closed","sticky":false,"template":"","format":"standard","meta":{"om_disable_all_campaigns":false,"_monsterinsights_skip_tracking":false,"_monsterinsights_sitenote_active":false,"_monsterinsights_sitenote_note":"","_monsterinsights_sitenote_category":0,"footnotes":""},"categories":[743,37],"tags":[],"class_list":["post-230632","post","type-post","status-publish","format-standard","hentry","category-notizie","category-tennis"],"aioseo_notices":[],"_links":{"self":[{"href":"https:\/\/nugnes.com\/index.php?rest_route=\/wp\/v2\/posts\/230632","targetHints":{"allow":["GET"]}}],"collection":[{"href":"https:\/\/nugnes.com\/index.php?rest_route=\/wp\/v2\/posts"}],"about":[{"href":"https:\/\/nugnes.com\/index.php?rest_route=\/wp\/v2\/types\/post"}],"author":[{"embeddable":true,"href":"https:\/\/nugnes.com\/index.php?rest_route=\/wp\/v2\/users\/116"}],"replies":[{"embeddable":true,"href":"https:\/\/nugnes.com\/index.php?rest_route=%2Fwp%2Fv2%2Fcomments&post=230632"}],"version-history":[{"count":1,"href":"https:\/\/nugnes.com\/index.php?rest_route=\/wp\/v2\/posts\/230632\/revisions"}],"predecessor-version":[{"id":230633,"href":"https:\/\/nugnes.com\/index.php?rest_route=\/wp\/v2\/posts\/230632\/revisions\/230633"}],"wp:attachment":[{"href":"https:\/\/nugnes.com\/index.php?rest_route=%2Fwp%2Fv2%2Fmedia&parent=230632"}],"wp:term":[{"taxonomy":"category","embeddable":true,"href":"https:\/\/nugnes.com\/index.php?rest_route=%2Fwp%2Fv2%2Fcategories&post=230632"},{"taxonomy":"post_tag","embeddable":true,"href":"https:\/\/nugnes.com\/index.php?rest_route=%2Fwp%2Fv2%2Ftags&post=230632"}],"curies":[{"name":"wp","href":"https:\/\/api.w.org\/{rel}","templated":true}]}}