{"id":230638,"date":"2021-07-16T14:51:17","date_gmt":"2021-07-16T14:51:17","guid":{"rendered":"https:\/\/www.fanpage.it\/?p=1471324"},"modified":"2021-07-16T14:51:17","modified_gmt":"2021-07-16T14:51:17","slug":"salvini-ora-dice-che-si-vaccinera-ad-agosto-perche-lui-non-salta-la-fila","status":"publish","type":"post","link":"https:\/\/nugnes.com\/?p=230638","title":{"rendered":"Salvini ora dice che si vacciner\u00e0 ad agosto perch\u00e9 lui non salta la fila"},"content":{"rendered":"<img src=\"https:\/\/static.fanpage.it\/wp-content\/uploads\/2021\/07\/matteo-salvini-2-300x225.jpg\" \/><br \/>Matteo Salvini dice che si vacciner\u00e0 ad agosto, quando verr\u00e0 il suo turno, perch\u00e9 \"a differenza di altri\" non salta la coda. Certo, il turno della sua fascia d'et\u00e0 in realt\u00e0 \u00e8 arrivato da un pezzo, ma lui stesso ha raccontato di aver avuto degli impedimenti finora. Forse questa \u00e8 la volta buona: \"Vi inviter\u00f2 e faremo un grande cocktail party - rilancia lui da Milano - Cos\u00ec almeno tutti saranno tranquilli\".<br \/><a href=\"https:\/\/www.fanpage.it\/politica\/salvini-ora-dice-che-si-vaccinera-ad-agosto-perche-lui-non-salta-la-fila\/\">Continua a leggere<\/a>","protected":false},"excerpt":{"rendered":"<p>Matteo Salvini dice che si vacciner\u00e0 ad agosto, quando verr\u00e0 il suo turno, perch\u00e9 &#8220;a differenza di altri&#8221; non salta la coda. Certo, il turno della sua fascia d&#8217;et\u00e0 in realt\u00e0 \u00e8 arrivato da un pezzo, ma lui stesso ha raccontato di aver avuto degli impedi&#8230;<\/p>\n","protected":false},"author":187,"featured_media":0,"comment_status":"closed","ping_status":"closed","sticky":false,"template":"","format":"standard","meta":{"om_disable_all_campaigns":false,"_monsterinsights_skip_tracking":false,"_monsterinsights_sitenote_active":false,"_monsterinsights_sitenote_note":"","_monsterinsights_sitenote_category":0,"footnotes":""},"categories":[748],"tags":[],"class_list":["post-230638","post","type-post","status-publish","format-standard","hentry","category-politica-italiana"],"aioseo_notices":[],"_links":{"self":[{"href":"https:\/\/nugnes.com\/index.php?rest_route=\/wp\/v2\/posts\/230638","targetHints":{"allow":["GET"]}}],"collection":[{"href":"https:\/\/nugnes.com\/index.php?rest_route=\/wp\/v2\/posts"}],"about":[{"href":"https:\/\/nugnes.com\/index.php?rest_route=\/wp\/v2\/types\/post"}],"author":[{"embeddable":true,"href":"https:\/\/nugnes.com\/index.php?rest_route=\/wp\/v2\/users\/187"}],"replies":[{"embeddable":true,"href":"https:\/\/nugnes.com\/index.php?rest_route=%2Fwp%2Fv2%2Fcomments&post=230638"}],"version-history":[{"count":1,"href":"https:\/\/nugnes.com\/index.php?rest_route=\/wp\/v2\/posts\/230638\/revisions"}],"predecessor-version":[{"id":230639,"href":"https:\/\/nugnes.com\/index.php?rest_route=\/wp\/v2\/posts\/230638\/revisions\/230639"}],"wp:attachment":[{"href":"https:\/\/nugnes.com\/index.php?rest_route=%2Fwp%2Fv2%2Fmedia&parent=230638"}],"wp:term":[{"taxonomy":"category","embeddable":true,"href":"https:\/\/nugnes.com\/index.php?rest_route=%2Fwp%2Fv2%2Fcategories&post=230638"},{"taxonomy":"post_tag","embeddable":true,"href":"https:\/\/nugnes.com\/index.php?rest_route=%2Fwp%2Fv2%2Ftags&post=230638"}],"curies":[{"name":"wp","href":"https:\/\/api.w.org\/{rel}","templated":true}]}}