{"id":230710,"date":"2021-07-16T15:45:09","date_gmt":"2021-07-16T15:45:09","guid":{"rendered":"https:\/\/www.fanpage.it\/?p=1471418"},"modified":"2021-07-16T15:45:09","modified_gmt":"2021-07-16T15:45:09","slug":"luca-mercalli-a-fanpage-it-presto-anche-gli-italiani-saranno-profughi-climatici","status":"publish","type":"post","link":"https:\/\/nugnes.com\/?p=230710","title":{"rendered":"Luca Mercalli a Fanpage.it: \u201cPresto anche gli italiani saranno profughi climatici\u201d"},"content":{"rendered":"<img src=\"https:\/\/static.fanpage.it\/wp-content\/uploads\/2021\/07\/Luca-Mercalli-1-638x425.jpg\" \/><br \/>Luca Mercalli, climatologo e presidente della\u00a0Societ\u00e0 meteorologica italiana: \"Tra una trentina d'anni chi vive nel Delta del Po' o nella laguna veneta dovr\u00e0 scappare perch\u00e9 avr\u00e0 il mare nel salotto di casa. Anche in Italia, come in molte altre aree del pianeta, ci saranno profughi climatici. Dobbiamo abbattere il consumo di fonti fossili o rischiamo una catastrofe\".<br \/><a href=\"https:\/\/www.fanpage.it\/attualita\/luca-mercalli-a-fanpage-it-presto-anche-gli-italiani-saranno-profughi-climatici\/\">Continua a leggere<\/a>","protected":false},"excerpt":{"rendered":"<p>Luca Mercalli, climatologo e presidente della\u00a0Societ\u00e0 meteorologica italiana: &#8220;Tra una trentina d&#8217;anni chi vive nel Delta del Po&#8217; o nella laguna veneta dovr\u00e0 scappare perch\u00e9 avr\u00e0 il mare nel salotto di casa. Anche in Italia, come in molte altre aree de&#8230;<\/p>\n","protected":false},"author":113,"featured_media":0,"comment_status":"closed","ping_status":"closed","sticky":false,"template":"","format":"standard","meta":{"om_disable_all_campaigns":false,"_monsterinsights_skip_tracking":false,"_monsterinsights_sitenote_active":false,"_monsterinsights_sitenote_note":"","_monsterinsights_sitenote_category":0,"footnotes":""},"categories":[745],"tags":[],"class_list":["post-230710","post","type-post","status-publish","format-standard","hentry","category-attualita"],"aioseo_notices":[],"_links":{"self":[{"href":"https:\/\/nugnes.com\/index.php?rest_route=\/wp\/v2\/posts\/230710","targetHints":{"allow":["GET"]}}],"collection":[{"href":"https:\/\/nugnes.com\/index.php?rest_route=\/wp\/v2\/posts"}],"about":[{"href":"https:\/\/nugnes.com\/index.php?rest_route=\/wp\/v2\/types\/post"}],"author":[{"embeddable":true,"href":"https:\/\/nugnes.com\/index.php?rest_route=\/wp\/v2\/users\/113"}],"replies":[{"embeddable":true,"href":"https:\/\/nugnes.com\/index.php?rest_route=%2Fwp%2Fv2%2Fcomments&post=230710"}],"version-history":[{"count":2,"href":"https:\/\/nugnes.com\/index.php?rest_route=\/wp\/v2\/posts\/230710\/revisions"}],"predecessor-version":[{"id":230749,"href":"https:\/\/nugnes.com\/index.php?rest_route=\/wp\/v2\/posts\/230710\/revisions\/230749"}],"wp:attachment":[{"href":"https:\/\/nugnes.com\/index.php?rest_route=%2Fwp%2Fv2%2Fmedia&parent=230710"}],"wp:term":[{"taxonomy":"category","embeddable":true,"href":"https:\/\/nugnes.com\/index.php?rest_route=%2Fwp%2Fv2%2Fcategories&post=230710"},{"taxonomy":"post_tag","embeddable":true,"href":"https:\/\/nugnes.com\/index.php?rest_route=%2Fwp%2Fv2%2Ftags&post=230710"}],"curies":[{"name":"wp","href":"https:\/\/api.w.org\/{rel}","templated":true}]}}