{"id":236204,"date":"2021-07-29T16:29:32","date_gmt":"2021-07-29T16:29:32","guid":{"rendered":"https:\/\/www.fanpage.it\/?p=1477833"},"modified":"2021-07-29T16:29:32","modified_gmt":"2021-07-29T16:29:32","slug":"zampa-pd-a-fanpage-leghisti-in-piazza-con-novax-sconcertante-green-pass-misura-utilissima","status":"publish","type":"post","link":"https:\/\/nugnes.com\/?p=236204","title":{"rendered":"Zampa (Pd) a Fanpage: &#8220;Leghisti in piazza con NoVax? Sconcertante, Green Pass &egrave; misura utilissima&#8221;"},"content":{"rendered":"<img src=\"https:\/\/static.fanpage.it\/wp-content\/uploads\/2021\/07\/sandra-zampa-300x225.jpg\" \/><br \/>\"Dentro al governo c'\u00e8 un'unica forza sembra ostile al Green Pass, la Lega. Di certo sorprende vederli addirittura scendere in piazza con i No Vax. L'ho trovato veramente sconcertante, direi non dignitoso\": lo ha detto in un colloquio con Fanpage.it Sandra Zampa, esponente del Partito democratica e sottosegretaria alla Salute durante il Conte bis. E sul Green Pass ha affermato: \"\u00c8 una misura utilissima per tornare alla libert\u00e0 di movimento e per dare alle attivit\u00e0 economiche la possibilit\u00e0 di continuare a restare aperte\".<br \/><a href=\"https:\/\/www.fanpage.it\/politica\/zampa-pd-a-fanpage-leghisti-in-piazza-con-novax-sconcertante-green-pass-e-misura-utilissima\/\">Continua a leggere<\/a>","protected":false},"excerpt":{"rendered":"<p>&#8220;Dentro al governo c&#8217;\u00e8 un&#8217;unica forza sembra ostile al Green Pass, la Lega. Di certo sorprende vederli addirittura scendere in piazza con i No Vax. L&#8217;ho trovato veramente sconcertante, direi non dignitoso&#8221;: lo ha detto in un colloquio con Fanpage.it Sa&#8230;<\/p>\n","protected":false},"author":104,"featured_media":0,"comment_status":"closed","ping_status":"closed","sticky":false,"template":"","format":"standard","meta":{"om_disable_all_campaigns":false,"_monsterinsights_skip_tracking":false,"_monsterinsights_sitenote_active":false,"_monsterinsights_sitenote_note":"","_monsterinsights_sitenote_category":0,"footnotes":""},"categories":[748],"tags":[],"class_list":["post-236204","post","type-post","status-publish","format-standard","hentry","category-politica-italiana"],"aioseo_notices":[],"_links":{"self":[{"href":"https:\/\/nugnes.com\/index.php?rest_route=\/wp\/v2\/posts\/236204","targetHints":{"allow":["GET"]}}],"collection":[{"href":"https:\/\/nugnes.com\/index.php?rest_route=\/wp\/v2\/posts"}],"about":[{"href":"https:\/\/nugnes.com\/index.php?rest_route=\/wp\/v2\/types\/post"}],"author":[{"embeddable":true,"href":"https:\/\/nugnes.com\/index.php?rest_route=\/wp\/v2\/users\/104"}],"replies":[{"embeddable":true,"href":"https:\/\/nugnes.com\/index.php?rest_route=%2Fwp%2Fv2%2Fcomments&post=236204"}],"version-history":[{"count":1,"href":"https:\/\/nugnes.com\/index.php?rest_route=\/wp\/v2\/posts\/236204\/revisions"}],"predecessor-version":[{"id":236205,"href":"https:\/\/nugnes.com\/index.php?rest_route=\/wp\/v2\/posts\/236204\/revisions\/236205"}],"wp:attachment":[{"href":"https:\/\/nugnes.com\/index.php?rest_route=%2Fwp%2Fv2%2Fmedia&parent=236204"}],"wp:term":[{"taxonomy":"category","embeddable":true,"href":"https:\/\/nugnes.com\/index.php?rest_route=%2Fwp%2Fv2%2Fcategories&post=236204"},{"taxonomy":"post_tag","embeddable":true,"href":"https:\/\/nugnes.com\/index.php?rest_route=%2Fwp%2Fv2%2Ftags&post=236204"}],"curies":[{"name":"wp","href":"https:\/\/api.w.org\/{rel}","templated":true}]}}