{"id":236261,"date":"2021-07-29T17:09:38","date_gmt":"2021-07-29T17:09:38","guid":{"rendered":"https:\/\/www.fanpage.it\/?p=1477900"},"modified":"2021-07-29T17:09:38","modified_gmt":"2021-07-29T17:09:38","slug":"giustizia-conte-da-lega-opposizione-su-processi-per-mafia-dovremmo-essere-tutti-da-stessa-parte","status":"publish","type":"post","link":"https:\/\/nugnes.com\/?p=236261","title":{"rendered":"Giustizia, Conte: &#8220;Da Lega opposizione su processi per mafia, dovremmo essere tutti da stessa parte&#8221;"},"content":{"rendered":"<img src=\"https:\/\/static.fanpage.it\/wp-content\/uploads\/2021\/07\/Schermata-2021-07-29-alle-19.00.42-300x225.jpg\" \/><br \/>\"C'\u00e8 stata anche un'altra battaglia per quanto riguarda tutti i processi legati alla mafia, sono davvero rammaricato. C'\u00e8 stata una durissima opposizione della Lega, e questo mi fa pensare perch\u00e9 quando si tratta di mafia siamo tutti sullo stesso fronte\": lo ha detto Giuseppe Conte parlando della riforma della Giustizia che ha appena ricevuto il via libera in Consiglio dei ministri. Per poi aggiungere: \"\u00c8 stata una giornata molto impegnativa: ci eravamo impegnati a non stravolgere un quadro che non si poteva stravolgere, ma a migliorarlo. Questo risultato l'abbiamo ottenuto\".<br \/><a href=\"https:\/\/www.fanpage.it\/politica\/giustizia-conte-da-lega-opposizione-su-processi-per-mafia-dovremmo-essere-tutti-da-stessa-parte\/\">Continua a leggere<\/a>","protected":false},"excerpt":{"rendered":"<p>&#8220;C&#8217;\u00e8 stata anche un&#8217;altra battaglia per quanto riguarda tutti i processi legati alla mafia, sono davvero rammaricato. C&#8217;\u00e8 stata una durissima opposizione della Lega, e questo mi fa pensare perch\u00e9 quando si tratta di mafia siamo tutti sullo stesso front&#8230;<\/p>\n","protected":false},"author":104,"featured_media":0,"comment_status":"closed","ping_status":"closed","sticky":false,"template":"","format":"standard","meta":{"om_disable_all_campaigns":false,"_monsterinsights_skip_tracking":false,"_monsterinsights_sitenote_active":false,"_monsterinsights_sitenote_note":"","_monsterinsights_sitenote_category":0,"footnotes":""},"categories":[748],"tags":[],"class_list":["post-236261","post","type-post","status-publish","format-standard","hentry","category-politica-italiana"],"aioseo_notices":[],"_links":{"self":[{"href":"https:\/\/nugnes.com\/index.php?rest_route=\/wp\/v2\/posts\/236261","targetHints":{"allow":["GET"]}}],"collection":[{"href":"https:\/\/nugnes.com\/index.php?rest_route=\/wp\/v2\/posts"}],"about":[{"href":"https:\/\/nugnes.com\/index.php?rest_route=\/wp\/v2\/types\/post"}],"author":[{"embeddable":true,"href":"https:\/\/nugnes.com\/index.php?rest_route=\/wp\/v2\/users\/104"}],"replies":[{"embeddable":true,"href":"https:\/\/nugnes.com\/index.php?rest_route=%2Fwp%2Fv2%2Fcomments&post=236261"}],"version-history":[{"count":1,"href":"https:\/\/nugnes.com\/index.php?rest_route=\/wp\/v2\/posts\/236261\/revisions"}],"predecessor-version":[{"id":236262,"href":"https:\/\/nugnes.com\/index.php?rest_route=\/wp\/v2\/posts\/236261\/revisions\/236262"}],"wp:attachment":[{"href":"https:\/\/nugnes.com\/index.php?rest_route=%2Fwp%2Fv2%2Fmedia&parent=236261"}],"wp:term":[{"taxonomy":"category","embeddable":true,"href":"https:\/\/nugnes.com\/index.php?rest_route=%2Fwp%2Fv2%2Fcategories&post=236261"},{"taxonomy":"post_tag","embeddable":true,"href":"https:\/\/nugnes.com\/index.php?rest_route=%2Fwp%2Fv2%2Ftags&post=236261"}],"curies":[{"name":"wp","href":"https:\/\/api.w.org\/{rel}","templated":true}]}}